{"id":238299,"date":"2023-04-28T10:22:36","date_gmt":"2023-04-28T14:22:36","guid":{"rendered":"https:\/\/www.ocorreionews.com.br\/acervo-correio\/?p=238299"},"modified":"2023-04-28T10:22:59","modified_gmt":"2023-04-28T14:22:59","slug":"chapadao-do-sul-e-a-7a-cidade-no-estado-que-teve-saldo-positivo-na-geracao-de-empregos-no-primeiro-trimestre-de-2023","status":"publish","type":"post","link":"https:\/\/www.ocorreionews.com.br\/acervo-correio\/?p=238299","title":{"rendered":"Chapad\u00e3o do Sul \u00e9 a 7\u00aa cidade no estado que teve saldo positivo na gera\u00e7\u00e3o de empregos no primeiro trimestre de 2023"},"content":{"rendered":"<div class=\"entry\">\n<p>Mato Grosso do Sul fechou o primeiro trimestre de 2023 com um saldo positivo de 14.366 novas vagas com carteira assinada criadas no per\u00edodo. Os dados s\u00e3o do Caged-MTE (Cadastro Geral de Empregados e Desempregados do Minist\u00e9rio do Trabalho e Emprego), compilados na Carta de Conjuntura do Mercado de Trabalho de abril, com os dados de mar\u00e7o de 2023, divulgada nesta quinta-feira (27) pela Semadesc (Secretaria de Meio Ambiente, Desenvolvimento Econ\u00f4mico, Produ\u00e7\u00e3o e Agricultura Familiar). <a href=\"http:\/\/agenciadenoticias.ms.gov.br\/wp-content\/uploads\/sites\/152\/2023\/04\/202303_CARTA_CONJUNTURA_TRABALHO.pdf\">Clique aqui para ver o documento<\/a>.<\/p>\n<p>Somente no m\u00eas de mar\u00e7o deste ano, foram criados 3.680 empregos formais no Estado. Em termos de ranking nacional de empregos formais, o Estado ficou em 13\u00ba no saldo de vagas no per\u00edodo. Os setores que mais geraram novos empregos formais foram: Servi\u00e7os (+1.519); Ind\u00fastria (+849) e Constru\u00e7\u00e3o (+610). No acumulado dos \u00faltimos 12 meses, Mato Grosso do Sul apresentou uma cria\u00e7\u00e3o de 37.959 empregos formais.<\/p>\n<p>No acumulado dos \u00faltimos 12 meses os setores do Com\u00e9rcio e Servi\u00e7os apresentaram um saldo de 8.293 e 12.459 vagas de trabalho a mais, respectivamente. Os principais servi\u00e7os com os melhores saldos no m\u00eas de mar\u00e7o de 2023 foram: Transporte, Armazenagem e Correio (+385 vagas), Educa\u00e7\u00e3o (+343 vagas) e Sa\u00fade Humana e Servi\u00e7os Sociais (+237 vagas).<\/p>\n<p>O setor industrial apresentou saldo positivo principalmente no subsetor de Ind\u00fastrias de Transforma\u00e7\u00e3o, com 653 vagas de trabalho a mais. Na Constru\u00e7\u00e3o Civil, foram mais 610 vagas no m\u00eas de mar\u00e7o de 2023. No acumulado dos \u00faltimos 12 meses, a Ind\u00fastria apresentou a cria\u00e7\u00e3o de 3.578 novas vagas, enquanto na Constru\u00e7\u00e3o Civil foram 7.153 novas contrata\u00e7\u00f5es.<\/p>\n<p>Os munic\u00edpios com maior saldo acumulado de contrata\u00e7\u00f5es no primeiro trimestre de 2023 foram Ribas do Rio Pardo, com 2.948; Campo Grande, com 2.558; Rio Brilhante (690); Nova Alvorada do Sul (667); Tr\u00eas Lagoas (628); Dourados (445); <strong>Chapad\u00e3o do Sul (442)<\/strong>; S\u00e3o Gabriel do Oeste (340); Aparecida do Taboado (336) e Navira\u00ed (335).<\/p>\n<p>&nbsp;<\/p>\n<p><em>Marcelo Arm\u00f4a, Semadesc<\/em><\/p>\n<p>&nbsp;<\/p>\n<\/div>\n","protected":false},"excerpt":{"rendered":"<p>Mato Grosso do Sul fechou o primeiro trimestre de 2023 com um saldo positivo de 14.366 novas vagas com carteira assinada criadas no per\u00edodo. Os dados s\u00e3o do Caged-MTE (Cadastro Geral de Empregados e Desempregados do Minist\u00e9rio do Trabalho e Emprego), compilados na Carta de Conjuntura do Mercado de Trabalho de abril, com os dados [&hellip;]<\/p>\n","protected":false},"author":5,"featured_media":229769,"comment_status":"closed","ping_status":"closed","sticky":false,"template":"","format":"standard","meta":{"footnotes":""},"categories":[23,41],"tags":[],"class_list":["post-238299","post","type-post","status-publish","format-standard","has-post-thumbnail","hentry","category-chapadao-do-sul","category-destaque"],"_links":{"self":[{"href":"https:\/\/www.ocorreionews.com.br\/acervo-correio\/index.php?rest_route=\/wp\/v2\/posts\/238299","targetHints":{"allow":["GET"]}}],"collection":[{"href":"https:\/\/www.ocorreionews.com.br\/acervo-correio\/index.php?rest_route=\/wp\/v2\/posts"}],"about":[{"href":"https:\/\/www.ocorreionews.com.br\/acervo-correio\/index.php?rest_route=\/wp\/v2\/types\/post"}],"author":[{"embeddable":true,"href":"https:\/\/www.ocorreionews.com.br\/acervo-correio\/index.php?rest_route=\/wp\/v2\/users\/5"}],"replies":[{"embeddable":true,"href":"https:\/\/www.ocorreionews.com.br\/acervo-correio\/index.php?rest_route=%2Fwp%2Fv2%2Fcomments&post=238299"}],"version-history":[{"count":1,"href":"https:\/\/www.ocorreionews.com.br\/acervo-correio\/index.php?rest_route=\/wp\/v2\/posts\/238299\/revisions"}],"predecessor-version":[{"id":238304,"href":"https:\/\/www.ocorreionews.com.br\/acervo-correio\/index.php?rest_route=\/wp\/v2\/posts\/238299\/revisions\/238304"}],"wp:featuredmedia":[{"embeddable":true,"href":"https:\/\/www.ocorreionews.com.br\/acervo-correio\/index.php?rest_route=\/wp\/v2\/media\/229769"}],"wp:attachment":[{"href":"https:\/\/www.ocorreionews.com.br\/acervo-correio\/index.php?rest_route=%2Fwp%2Fv2%2Fmedia&parent=238299"}],"wp:term":[{"taxonomy":"category","embeddable":true,"href":"https:\/\/www.ocorreionews.com.br\/acervo-correio\/index.php?rest_route=%2Fwp%2Fv2%2Fcategories&post=238299"},{"taxonomy":"post_tag","embeddable":true,"href":"https:\/\/www.ocorreionews.com.br\/acervo-correio\/index.php?rest_route=%2Fwp%2Fv2%2Ftags&post=238299"}],"curies":[{"name":"wp","href":"https:\/\/api.w.org\/{rel}","templated":true}]}}