{"id":238318,"date":"2023-04-28T10:27:15","date_gmt":"2023-04-28T14:27:15","guid":{"rendered":"https:\/\/www.ocorreionews.com.br\/acervo-correio\/?p=238318"},"modified":"2023-04-28T10:27:15","modified_gmt":"2023-04-28T14:27:15","slug":"vereador-andre-dos-anjos-e-premiado-em-brasilia-e-se-torna-referencia-nacional-pela-sua-atuacao-politica","status":"publish","type":"post","link":"https:\/\/www.ocorreionews.com.br\/acervo-correio\/?p=238318","title":{"rendered":"Vereador Andr\u00e9 dos Anjos \u00e9 premiado em Bras\u00edlia e se torna refer\u00eancia nacional pela sua atua\u00e7\u00e3o pol\u00edtica"},"content":{"rendered":"<p>O vereador Andr\u00e9 dos Anjos, de Chapad\u00e3o do Sul, recebeu uma importante premia\u00e7\u00e3o em Bras\u00edlia na \u00faltima semana. Ele foi um dos vinte vereadores escolhidos para receber o Trof\u00e9u Personalidade Brasil durante a Marcha dos Vereadores, evento que re\u00fane representantes de todo o pa\u00eds.<\/p>\n<p>A premia\u00e7\u00e3o foi concedida a Andr\u00e9 dos Anjos em reconhecimento ao trabalho que ele vem desenvolvendo em sua cidade. Dentre todos os vereadores do pa\u00eds, apenas vinte foram selecionados para receber o pr\u00eamio, o que mostra o quanto o vereador sul chapadense se destacou em seu meio.<\/p>\n<p>O evento contou com a presen\u00e7a do vice-presidente da Rep\u00fablica, Geraldo Alckmin, que destacou a import\u00e2ncia do trabalho dos vereadores para o desenvolvimento do pa\u00eds. O pr\u00eamio recebido por Andr\u00e9 dos Anjos \u00e9 fruto de um trabalho bem desenvolvido, que vem sendo reconhecido n\u00e3o apenas a n\u00edvel local, mas tamb\u00e9m a n\u00edvel nacional, e coroou um trabalho intenso que o parlamentar realizou em 2022 a frente do Poder Legislativo.<\/p>\n<p>N\u00e3o \u00e9 a primeira vez que o vereador se destaca nacionalmente, em 2022, um projeto de autoria do vereador Andr\u00e9 dos Anjos, intitulado &#8220;Projeto C\u00e2mara vai \u00e0 Escola&#8221;, ganhou o pr\u00eamio nacional Trof\u00e9u Destaque Legislativo. O projeto tem como objetivo levar o conhecimento sobre o funcionamento da C\u00e2mara Municipal paraos alunos das escolas do munic\u00edpio, de forma a aproximar a popula\u00e7\u00e3o do processo democr\u00e1tico. O reconhecimento recebido pelo vereador Andr\u00e9 dos Anjos em Bras\u00edlia \u00e9 mais um sinal de que seu trabalho vem trazendo bons resultados para a cidade e para o pa\u00eds como um todo.<\/p>\n<figure id=\"attachment_238321\" aria-describedby=\"caption-attachment-238321\" style=\"width: 534px\" class=\"wp-caption alignnone\"><a href=\"https:\/\/www.ocorreionews.com.br\/acervo-correio\/wp-content\/uploads\/2023\/04\/andre-dos-anjos-premiacao-UBV-2.jpg\"><img loading=\"lazy\" decoding=\"async\" class=\" wp-image-238321\" src=\"https:\/\/www.ocorreionews.com.br\/acervo-correio\/wp-content\/uploads\/2023\/04\/andre-dos-anjos-premiacao-UBV-2.jpg\" alt=\"\" width=\"534\" height=\"801\" srcset=\"https:\/\/www.ocorreionews.com.br\/acervo-correio\/wp-content\/uploads\/2023\/04\/andre-dos-anjos-premiacao-UBV-2.jpg 1066w, https:\/\/www.ocorreionews.com.br\/acervo-correio\/wp-content\/uploads\/2023\/04\/andre-dos-anjos-premiacao-UBV-2-200x300.jpg 200w, https:\/\/www.ocorreionews.com.br\/acervo-correio\/wp-content\/uploads\/2023\/04\/andre-dos-anjos-premiacao-UBV-2-683x1024.jpg 683w, https:\/\/www.ocorreionews.com.br\/acervo-correio\/wp-content\/uploads\/2023\/04\/andre-dos-anjos-premiacao-UBV-2-768x1152.jpg 768w, https:\/\/www.ocorreionews.com.br\/acervo-correio\/wp-content\/uploads\/2023\/04\/andre-dos-anjos-premiacao-UBV-2-1024x1536.jpg 1024w\" sizes=\"auto, (max-width: 534px) 100vw, 534px\" \/><\/a><figcaption id=\"caption-attachment-238321\" class=\"wp-caption-text\">Vereador Andr\u00e9 dos Anjos recebendo o trof\u00e9u de Gilson Gonzatti Presidente da Uni\u00e3o dos Vereadores do Brasil &#8211; UVB<\/figcaption><\/figure>\n<p>&nbsp;<\/p>\n<p>&nbsp;<\/p>\n","protected":false},"excerpt":{"rendered":"<p>O vereador Andr\u00e9 dos Anjos, de Chapad\u00e3o do Sul, recebeu uma importante premia\u00e7\u00e3o em Bras\u00edlia na \u00faltima semana. Ele foi um dos vinte vereadores escolhidos para receber o Trof\u00e9u Personalidade Brasil durante a Marcha dos Vereadores, evento que re\u00fane representantes de todo o pa\u00eds. A premia\u00e7\u00e3o foi concedida a Andr\u00e9 dos Anjos em reconhecimento ao [&hellip;]<\/p>\n","protected":false},"author":5,"featured_media":238322,"comment_status":"closed","ping_status":"closed","sticky":false,"template":"","format":"standard","meta":{"footnotes":""},"categories":[23,41],"tags":[],"class_list":["post-238318","post","type-post","status-publish","format-standard","has-post-thumbnail","hentry","category-chapadao-do-sul","category-destaque"],"_links":{"self":[{"href":"https:\/\/www.ocorreionews.com.br\/acervo-correio\/index.php?rest_route=\/wp\/v2\/posts\/238318","targetHints":{"allow":["GET"]}}],"collection":[{"href":"https:\/\/www.ocorreionews.com.br\/acervo-correio\/index.php?rest_route=\/wp\/v2\/posts"}],"about":[{"href":"https:\/\/www.ocorreionews.com.br\/acervo-correio\/index.php?rest_route=\/wp\/v2\/types\/post"}],"author":[{"embeddable":true,"href":"https:\/\/www.ocorreionews.com.br\/acervo-correio\/index.php?rest_route=\/wp\/v2\/users\/5"}],"replies":[{"embeddable":true,"href":"https:\/\/www.ocorreionews.com.br\/acervo-correio\/index.php?rest_route=%2Fwp%2Fv2%2Fcomments&post=238318"}],"version-history":[{"count":1,"href":"https:\/\/www.ocorreionews.com.br\/acervo-correio\/index.php?rest_route=\/wp\/v2\/posts\/238318\/revisions"}],"predecessor-version":[{"id":238324,"href":"https:\/\/www.ocorreionews.com.br\/acervo-correio\/index.php?rest_route=\/wp\/v2\/posts\/238318\/revisions\/238324"}],"wp:featuredmedia":[{"embeddable":true,"href":"https:\/\/www.ocorreionews.com.br\/acervo-correio\/index.php?rest_route=\/wp\/v2\/media\/238322"}],"wp:attachment":[{"href":"https:\/\/www.ocorreionews.com.br\/acervo-correio\/index.php?rest_route=%2Fwp%2Fv2%2Fmedia&parent=238318"}],"wp:term":[{"taxonomy":"category","embeddable":true,"href":"https:\/\/www.ocorreionews.com.br\/acervo-correio\/index.php?rest_route=%2Fwp%2Fv2%2Fcategories&post=238318"},{"taxonomy":"post_tag","embeddable":true,"href":"https:\/\/www.ocorreionews.com.br\/acervo-correio\/index.php?rest_route=%2Fwp%2Fv2%2Ftags&post=238318"}],"curies":[{"name":"wp","href":"https:\/\/api.w.org\/{rel}","templated":true}]}}