{"id":238325,"date":"2023-04-28T10:36:47","date_gmt":"2023-04-28T14:36:47","guid":{"rendered":"https:\/\/www.ocorreionews.com.br\/acervo-correio\/?p=238325"},"modified":"2023-04-28T10:36:47","modified_gmt":"2023-04-28T14:36:47","slug":"orlando-silva-acaba-com-orgao-regulador-no-projeto-da-censura","status":"publish","type":"post","link":"https:\/\/www.ocorreionews.com.br\/acervo-correio\/?p=238325","title":{"rendered":"Orlando Silva acaba com \u2018\u00f3rg\u00e3o regulador\u2019 no Projeto da Censura"},"content":{"rendered":"<div class=\"texto\">\n<p>O deputado federal Orlando Silva (PCdoB), relator do Projeto de Lei (PL) 2630\/2022, decidiu retirar da mat\u00e9ria o trecho que previa a cria\u00e7\u00e3o de um \u00f3rg\u00e3o p\u00fablico respons\u00e1vel por fiscalizar a divulga\u00e7\u00e3o de supostas not\u00edcias falsas.<\/p>\n<p>Em contrapartida, o parlamentar decidiu manter outros trechos sens\u00edveis do projeto, como a proibi\u00e7\u00e3o de contas automatizadas e a imposi\u00e7\u00e3o de regras para a restri\u00e7\u00e3o de publica\u00e7\u00f5es de conte\u00fados nocivos.<\/p>\n<p>A press\u00e3o da bancada evang\u00e9lica provocou o recuo do relator. Nesta semana, membros do colegiado se reuniram com Orlando e manifestaram descontentamento com a cria\u00e7\u00e3o de um \u00f3rg\u00e3o p\u00fablico regulador.<\/p>\n<p>Os parlamentares v\u00e3o votar o PL da Censura na ter\u00e7a-feira 2, apesar do pouco tempo dispon\u00edvel para a an\u00e1lise minuciosa do texto. Para ter uma ideia, o projeto tem 111 p\u00e1ginas.<\/p>\n<p>&nbsp;<\/p>\n<p><strong>Vit\u00f3ria parcial da censura<\/strong><\/p>\n<p><img loading=\"lazy\" decoding=\"async\" src=\"https:\/\/medias.revistaoeste.com\/qa-staging\/wp-content\/uploads\/2023\/04\/Placar-ao-Vivo.jpg\" alt=\"Orlando Silva\" width=\"328\" height=\"235\" \/><\/p>\n<p>O site www.pldacensura.com mostra o placar ao vivo da vota\u00e7\u00e3o do projeto | Foto: Reprodu\u00e7\u00e3o\/PL da Censura<\/p>\n<p>Cresceu o n\u00famero de parlamentares contra o PL\u00a0 2630\/2020, que visa a instaurar a censura no pa\u00eds. De acordo com o<strong><a href=\"http:\/\/pldacensura.com\/\"> site pldacensura.com<\/a><\/strong>, 204 pol\u00edticos s\u00e3o contra a restri\u00e7\u00e3o das liberdades no pa\u00eds e 234 aprovam a morda\u00e7a. At\u00e9 o momento, 75 parlamentares permanecem escondendo o voto. \u00c9 poss\u00edvel acompanhar os dados do placar em tempo real.<\/p>\n<p>Na ter\u00e7a-feira 25, a C\u00e2mara dos Deputados aprovou a urg\u00eancia do Projeto de Lei da Censura. Por determina\u00e7\u00e3o do presidente da Casa, Arthur Lira (PP-AL), a vota\u00e7\u00e3o n\u00e3o precisou de maioria absoluta, apenas simples \u2014 192 deputados votaram contra o PL. Com isso, o texto n\u00e3o ter\u00e1 de passar por nenhuma comiss\u00e3o da C\u00e2mara e ser\u00e1 votado diretamente no plen\u00e1rio.<\/p>\n<\/div>\n","protected":false},"excerpt":{"rendered":"<p>O deputado federal Orlando Silva (PCdoB), relator do Projeto de Lei (PL) 2630\/2022, decidiu retirar da mat\u00e9ria o trecho que previa a cria\u00e7\u00e3o de um \u00f3rg\u00e3o p\u00fablico respons\u00e1vel por fiscalizar a divulga\u00e7\u00e3o de supostas not\u00edcias falsas. Em contrapartida, o parlamentar decidiu manter outros trechos sens\u00edveis do projeto, como a proibi\u00e7\u00e3o de contas automatizadas e a [&hellip;]<\/p>\n","protected":false},"author":4,"featured_media":238326,"comment_status":"closed","ping_status":"closed","sticky":false,"template":"","format":"standard","meta":{"footnotes":""},"categories":[37],"tags":[],"class_list":["post-238325","post","type-post","status-publish","format-standard","has-post-thumbnail","hentry","category-politica"],"_links":{"self":[{"href":"https:\/\/www.ocorreionews.com.br\/acervo-correio\/index.php?rest_route=\/wp\/v2\/posts\/238325","targetHints":{"allow":["GET"]}}],"collection":[{"href":"https:\/\/www.ocorreionews.com.br\/acervo-correio\/index.php?rest_route=\/wp\/v2\/posts"}],"about":[{"href":"https:\/\/www.ocorreionews.com.br\/acervo-correio\/index.php?rest_route=\/wp\/v2\/types\/post"}],"author":[{"embeddable":true,"href":"https:\/\/www.ocorreionews.com.br\/acervo-correio\/index.php?rest_route=\/wp\/v2\/users\/4"}],"replies":[{"embeddable":true,"href":"https:\/\/www.ocorreionews.com.br\/acervo-correio\/index.php?rest_route=%2Fwp%2Fv2%2Fcomments&post=238325"}],"version-history":[{"count":1,"href":"https:\/\/www.ocorreionews.com.br\/acervo-correio\/index.php?rest_route=\/wp\/v2\/posts\/238325\/revisions"}],"predecessor-version":[{"id":238327,"href":"https:\/\/www.ocorreionews.com.br\/acervo-correio\/index.php?rest_route=\/wp\/v2\/posts\/238325\/revisions\/238327"}],"wp:featuredmedia":[{"embeddable":true,"href":"https:\/\/www.ocorreionews.com.br\/acervo-correio\/index.php?rest_route=\/wp\/v2\/media\/238326"}],"wp:attachment":[{"href":"https:\/\/www.ocorreionews.com.br\/acervo-correio\/index.php?rest_route=%2Fwp%2Fv2%2Fmedia&parent=238325"}],"wp:term":[{"taxonomy":"category","embeddable":true,"href":"https:\/\/www.ocorreionews.com.br\/acervo-correio\/index.php?rest_route=%2Fwp%2Fv2%2Fcategories&post=238325"},{"taxonomy":"post_tag","embeddable":true,"href":"https:\/\/www.ocorreionews.com.br\/acervo-correio\/index.php?rest_route=%2Fwp%2Fv2%2Ftags&post=238325"}],"curies":[{"name":"wp","href":"https:\/\/api.w.org\/{rel}","templated":true}]}}