{"id":238328,"date":"2023-04-28T10:49:30","date_gmt":"2023-04-28T14:49:30","guid":{"rendered":"https:\/\/www.ocorreionews.com.br\/acervo-correio\/?p=238328"},"modified":"2023-04-28T10:49:30","modified_gmt":"2023-04-28T14:49:30","slug":"camara-municipal-comunica-que-a-sessao-ordinaria-no-1412-sera-realizada-na-proxima-terca-feria02","status":"publish","type":"post","link":"https:\/\/www.ocorreionews.com.br\/acervo-correio\/?p=238328","title":{"rendered":"C\u00e2mara Municipal comunica que a sess\u00e3o ordin\u00e1ria n\u00ba 1412 ser\u00e1 realizada na pr\u00f3xima ter\u00e7a-feria,02."},"content":{"rendered":"<div class=\"leitura\">\n<p>A C\u00e2mara Municipal de Chapad\u00e3o do Sul informa que a sess\u00e3o ordin\u00e1ria de n\u00famero 1412, que estava prevista para o dia 08, ser\u00e1 antecipada para a pr\u00f3xima ter\u00e7a-feira, 02, \u00e0s 09 horas MS, no plen\u00e1rio da c\u00e2mara. A sess\u00e3o foi convocada para delibera\u00e7\u00e3o do pedido de afastamento do prefeito municipal Jo\u00e3o Carlos Krug, por quest\u00f5es m\u00e9dicas.<\/p>\n<p>O pedido de afastamento do prefeito foi encaminhado \u00e0 C\u00e2mara Municipal na \u00faltima quinta-feira, e ser\u00e1 analisado pelos vereadores momentos antes da sess\u00e3o ordin\u00e1ria.<\/p>\n<p>A popula\u00e7\u00e3o \u00e9 convidada a participar da sess\u00e3o e acompanhar os trabalhos do legislativo, que buscam sempre o melhor para o munic\u00edpio e seus moradores. A sess\u00e3o ser\u00e1 transmitida ao vivo pela internet, por meio das redes sociais da C\u00e2mara Municipal de Chapad\u00e3o do Sul.<\/p>\n<p>Assecom<\/p>\n<\/div>\n","protected":false},"excerpt":{"rendered":"<p>A C\u00e2mara Municipal de Chapad\u00e3o do Sul informa que a sess\u00e3o ordin\u00e1ria de n\u00famero 1412, que estava prevista para o dia 08, ser\u00e1 antecipada para a pr\u00f3xima ter\u00e7a-feira, 02, \u00e0s 09 horas MS, no plen\u00e1rio da c\u00e2mara. A sess\u00e3o foi convocada para delibera\u00e7\u00e3o do pedido de afastamento do prefeito municipal Jo\u00e3o Carlos Krug, por quest\u00f5es [&hellip;]<\/p>\n","protected":false},"author":4,"featured_media":238329,"comment_status":"closed","ping_status":"closed","sticky":false,"template":"","format":"standard","meta":{"footnotes":""},"categories":[20,23,41],"tags":[],"class_list":["post-238328","post","type-post","status-publish","format-standard","has-post-thumbnail","hentry","category-camara-municipal","category-chapadao-do-sul","category-destaque"],"_links":{"self":[{"href":"https:\/\/www.ocorreionews.com.br\/acervo-correio\/index.php?rest_route=\/wp\/v2\/posts\/238328","targetHints":{"allow":["GET"]}}],"collection":[{"href":"https:\/\/www.ocorreionews.com.br\/acervo-correio\/index.php?rest_route=\/wp\/v2\/posts"}],"about":[{"href":"https:\/\/www.ocorreionews.com.br\/acervo-correio\/index.php?rest_route=\/wp\/v2\/types\/post"}],"author":[{"embeddable":true,"href":"https:\/\/www.ocorreionews.com.br\/acervo-correio\/index.php?rest_route=\/wp\/v2\/users\/4"}],"replies":[{"embeddable":true,"href":"https:\/\/www.ocorreionews.com.br\/acervo-correio\/index.php?rest_route=%2Fwp%2Fv2%2Fcomments&post=238328"}],"version-history":[{"count":1,"href":"https:\/\/www.ocorreionews.com.br\/acervo-correio\/index.php?rest_route=\/wp\/v2\/posts\/238328\/revisions"}],"predecessor-version":[{"id":238330,"href":"https:\/\/www.ocorreionews.com.br\/acervo-correio\/index.php?rest_route=\/wp\/v2\/posts\/238328\/revisions\/238330"}],"wp:featuredmedia":[{"embeddable":true,"href":"https:\/\/www.ocorreionews.com.br\/acervo-correio\/index.php?rest_route=\/wp\/v2\/media\/238329"}],"wp:attachment":[{"href":"https:\/\/www.ocorreionews.com.br\/acervo-correio\/index.php?rest_route=%2Fwp%2Fv2%2Fmedia&parent=238328"}],"wp:term":[{"taxonomy":"category","embeddable":true,"href":"https:\/\/www.ocorreionews.com.br\/acervo-correio\/index.php?rest_route=%2Fwp%2Fv2%2Fcategories&post=238328"},{"taxonomy":"post_tag","embeddable":true,"href":"https:\/\/www.ocorreionews.com.br\/acervo-correio\/index.php?rest_route=%2Fwp%2Fv2%2Ftags&post=238328"}],"curies":[{"name":"wp","href":"https:\/\/api.w.org\/{rel}","templated":true}]}}