{"id":238332,"date":"2023-04-28T11:04:04","date_gmt":"2023-04-28T15:04:04","guid":{"rendered":"https:\/\/www.ocorreionews.com.br\/acervo-correio\/?p=238332"},"modified":"2023-04-28T11:04:04","modified_gmt":"2023-04-28T15:04:04","slug":"ampasul-inicia-implantacao-de-protocolo-para-uso-de-drone-no-controle-do-bicudo","status":"publish","type":"post","link":"https:\/\/www.ocorreionews.com.br\/acervo-correio\/?p=238332","title":{"rendered":"Ampasul inicia implanta\u00e7\u00e3o de protocolo para uso de drone no controle do bicudo"},"content":{"rendered":"<p>A Ampasul, Associa\u00e7\u00e3o Sul-Mato-Grossense dos Produtores de Algod\u00e3o iniciou a implanta\u00e7\u00e3o de um protocolo para uso de drone no controle do bicudo na cultura do algod\u00e3o. Os primeiros voos foram realizados na quinta-feira, 27 de abril, em Chapad\u00e3o do Sul.<\/p>\n<p>Para contribuir com a implanta\u00e7\u00e3o do projeto, o produtor rural Ivair Mudinuti, atrav\u00e9s de seu administrador, Eng\u00ba Agr\u00ba Paulo Buzolin cedeu uma \u00e1rea de dois hectares da lavoura de algod\u00e3o, na Fazenda G\u00e1vea. Na \u00e1rea s\u00e3o realizadas tr\u00eas aplica\u00e7\u00f5es sequenciais de inseticida contra o bicudo, de cinco a sete dias.<\/p>\n<p>O projeto \u00e9 resultado de uma parceria da Ampasul com a Embrapa, atrav\u00e9s do\u00a0<em>Better Cotton Initiative<\/em>\u00a0(BCI), utilizando um drone DJI modelo T10, com capacidade para oito litros de calda, da empresa Perfect Flight, cedido em comodato para implanta\u00e7\u00e3o do projeto.<\/p>\n<figure class=\"wp-block-image size-large\"><img loading=\"lazy\" decoding=\"async\" class=\"wp-image-41106\" src=\"https:\/\/jovemsulnews.com.br\/wp-content\/uploads\/2023\/04\/DRONE-NO-CONTROLE-DO-BICUDO-02-FOTO-AMPASUL.jpg\" sizes=\"auto, (max-width: 768px) 100vw, 768px\" srcset=\"https:\/\/jovemsulnews.com.br\/wp-content\/uploads\/2023\/04\/DRONE-NO-CONTROLE-DO-BICUDO-02-FOTO-AMPASUL.jpg 768w, https:\/\/jovemsulnews.com.br\/wp-content\/uploads\/2023\/04\/DRONE-NO-CONTROLE-DO-BICUDO-02-FOTO-AMPASUL-300x188.jpg 300w, https:\/\/jovemsulnews.com.br\/wp-content\/uploads\/2023\/04\/DRONE-NO-CONTROLE-DO-BICUDO-02-FOTO-AMPASUL-305x191.jpg 305w, https:\/\/jovemsulnews.com.br\/wp-content\/uploads\/2023\/04\/DRONE-NO-CONTROLE-DO-BICUDO-02-FOTO-AMPASUL-210x130.jpg 210w, https:\/\/jovemsulnews.com.br\/wp-content\/uploads\/2023\/04\/DRONE-NO-CONTROLE-DO-BICUDO-02-FOTO-AMPASUL-400x250.jpg 400w\" alt=\"\" width=\"768\" height=\"480\" \/><figcaption><em>Foto divulga\u00e7\u00e3o Ampasul<\/em><\/figcaption><\/figure>\n<p>Para operar o equipamento, Carlos Eduardo Moreira Rocha, Supervisor T\u00e9cnico de Campo e a Supervisora de Projetos, Karen Fernanda da Silva realizaram o Curso para Aplica\u00e7\u00e3o Aeroagr\u00edcola Remota \u2013 CAAR, em Brotas (SP). O curso \u00e9 obrigat\u00f3rio, exigido pelo MAPA para qualquer operador de drone agr\u00edcola.<\/p>\n<p>Acompanham a implanta\u00e7\u00e3o do protocolo; Eduardo Aparecido de Oliveira, Monitor T\u00e9cnico de Campo, Paulo Vilela, da empresa\u00a0<em>Perfect Flight<\/em>, e a entomologista, pesquisadora Dr\u00aa Suelen Moreira.<\/p>\n<p>Considerado um experimento para implanta\u00e7\u00e3o do protocolo, o Diretor Executivo da Ampasul, Ad\u00e3o Hoffmann disse que o projeto tem como objetivo indicar aos cotonicultores de Mato Grosso do Sul uso do drone, em \u00e1reas comerciais no controle do bicudo.<\/p>\n<p>\u201cA utiliza\u00e7\u00e3o do drone otimiza a aplica\u00e7\u00e3o, pois \u00e9 muito eficiente, \u00e1gil e seguro, podendo ser muito \u00fatil no controle do bicudo nas bordaduras dos talh\u00f5es, uma das t\u00e9cnicas recomendadas no manejo da praga\u201d, disse Ad\u00e3o Hoffmann.<\/p>\n<p><em>Fonte: Ampasul<\/em><\/p>\n","protected":false},"excerpt":{"rendered":"<p>A Ampasul, Associa\u00e7\u00e3o Sul-Mato-Grossense dos Produtores de Algod\u00e3o iniciou a implanta\u00e7\u00e3o de um protocolo para uso de drone no controle do bicudo na cultura do algod\u00e3o. Os primeiros voos foram realizados na quinta-feira, 27 de abril, em Chapad\u00e3o do Sul. Para contribuir com a implanta\u00e7\u00e3o do projeto, o produtor rural Ivair Mudinuti, atrav\u00e9s de seu [&hellip;]<\/p>\n","protected":false},"author":5,"featured_media":238338,"comment_status":"closed","ping_status":"closed","sticky":false,"template":"","format":"standard","meta":{"footnotes":""},"categories":[17],"tags":[],"class_list":["post-238332","post","type-post","status-publish","format-standard","has-post-thumbnail","hentry","category-agropecuaria"],"_links":{"self":[{"href":"https:\/\/www.ocorreionews.com.br\/acervo-correio\/index.php?rest_route=\/wp\/v2\/posts\/238332","targetHints":{"allow":["GET"]}}],"collection":[{"href":"https:\/\/www.ocorreionews.com.br\/acervo-correio\/index.php?rest_route=\/wp\/v2\/posts"}],"about":[{"href":"https:\/\/www.ocorreionews.com.br\/acervo-correio\/index.php?rest_route=\/wp\/v2\/types\/post"}],"author":[{"embeddable":true,"href":"https:\/\/www.ocorreionews.com.br\/acervo-correio\/index.php?rest_route=\/wp\/v2\/users\/5"}],"replies":[{"embeddable":true,"href":"https:\/\/www.ocorreionews.com.br\/acervo-correio\/index.php?rest_route=%2Fwp%2Fv2%2Fcomments&post=238332"}],"version-history":[{"count":1,"href":"https:\/\/www.ocorreionews.com.br\/acervo-correio\/index.php?rest_route=\/wp\/v2\/posts\/238332\/revisions"}],"predecessor-version":[{"id":238339,"href":"https:\/\/www.ocorreionews.com.br\/acervo-correio\/index.php?rest_route=\/wp\/v2\/posts\/238332\/revisions\/238339"}],"wp:featuredmedia":[{"embeddable":true,"href":"https:\/\/www.ocorreionews.com.br\/acervo-correio\/index.php?rest_route=\/wp\/v2\/media\/238338"}],"wp:attachment":[{"href":"https:\/\/www.ocorreionews.com.br\/acervo-correio\/index.php?rest_route=%2Fwp%2Fv2%2Fmedia&parent=238332"}],"wp:term":[{"taxonomy":"category","embeddable":true,"href":"https:\/\/www.ocorreionews.com.br\/acervo-correio\/index.php?rest_route=%2Fwp%2Fv2%2Fcategories&post=238332"},{"taxonomy":"post_tag","embeddable":true,"href":"https:\/\/www.ocorreionews.com.br\/acervo-correio\/index.php?rest_route=%2Fwp%2Fv2%2Ftags&post=238332"}],"curies":[{"name":"wp","href":"https:\/\/api.w.org\/{rel}","templated":true}]}}