{"id":238341,"date":"2023-04-28T13:38:13","date_gmt":"2023-04-28T17:38:13","guid":{"rendered":"https:\/\/www.ocorreionews.com.br\/acervo-correio\/?p=238341"},"modified":"2023-04-28T13:39:08","modified_gmt":"2023-04-28T17:39:08","slug":"cantor-sul-chapadense-maycon-balbino-lanca-musica-e-o-videoclipe","status":"publish","type":"post","link":"https:\/\/www.ocorreionews.com.br\/acervo-correio\/?p=238341","title":{"rendered":"Cantor Sul-chapadense Maycon Balbino lan\u00e7a musica e o videoclipe"},"content":{"rendered":"<p>O cantor Sul-chapadense Maycon Balbino lan\u00e7ou nesta sexta-feira (28) a musica e o videoclipe do single <strong><em>Me Respeita Porra <\/em><\/strong>que est\u00e1 dispon\u00edvel em todas as plataformas de musicas e o clipe no Youtube<strong><em>.<\/em><\/strong><\/p>\n<p>Maycon Balbino vem sendo tratado como a nova sensa\u00e7\u00e3o do sertanejo como os portais Observat\u00f3rio dos Famosos do site UOL e o Entret\u00ea do Portal Terra.<\/p>\n<p>A can\u00e7\u00e3o, que marca a parceria de Maycon Balbino com o selo internacional ONErpm.<\/p>\n<p>Confira abaixo o videoclipe e o link para ouvi-la nas plataformas de musicas:<\/p>\n<p><iframe loading=\"lazy\" class=\"wp-embedded-content\" sandbox=\"allow-scripts\" security=\"restricted\" title=\"MAYCON BALBINO\" scrolling=\"no\" width=\"1170px\" height=\"1685px\" frameborder=\"no\" src=\"https:\/\/ffm.to\/me-respeita-porra?layout=oembed#?secret=uz5aVVmyoY\" data-secret=\"uz5aVVmyoY\"><\/iframe><\/p>\n<p><iframe loading=\"lazy\" title=\"Maycon Balbino - Me Respeita Porra\" width=\"1170\" height=\"658\" src=\"https:\/\/www.youtube.com\/embed\/tOwMMnYroUg?wmode=transparent&amp;rel=0&amp;feature=oembed\" frameborder=\"0\" allow=\"accelerometer; autoplay; clipboard-write; encrypted-media; gyroscope; picture-in-picture; web-share\" allowfullscreen><\/iframe><\/p>\n<p>A musica \u00e9 uma aut\u00eantica sofr\u00eancia que promete machucar o cora\u00e7\u00e3o do p\u00fablico, mas tamb\u00e9m passa a mensagem de supera\u00e7\u00e3o, com direito ao forte desabafo que consta no t\u00edtulo do single.<\/p>\n<p>\u201cEu me identifiquei desde a primeira vez que ouvi essa m\u00fasica. Fala da pessoa que recebe aquelas promessas de amor furada, um falso \u2018eu te amo\u2019 que s\u00f3 foi dito da boca para fora, a\u00ed voc\u00ea se d\u00e1 conta que \u00e9 tudo mentira e d\u00e1 aquele basta. E a\u00ed vem o t\u00edtulo: Me Respeita Porra\u201d, explica Maycon.<\/p>\n<p>Cantor desde os oito anos, quando conquistou seu primeiro Festival da Can\u00e7\u00e3o, o artista sul-matogrossense considera Me Respeita Porra a renova\u00e7\u00e3o de sua carreira na m\u00fasica, ap\u00f3s lan\u00e7ar \u00e1lbuns e videoclipes e participar de programas na Record, no SBT e na Band.<\/p>\n<p>\u201cAchei forte para ser o nosso primeiro single depois de muito tempo sem lan\u00e7ar um novo trabalho. Vem tamb\u00e9m para falar: \u2018T\u00f4 aqui! Para quem n\u00e3o acreditou, voltamos. E agora para ficar! Espero que o p\u00fablico goste e tamb\u00e9m se identifique, al\u00e9m de ter um levada muito boa\u201d, afirma.<\/p>\n<p>Maycon Balbino j\u00e1 participou de mais de 50 festivais da can\u00e7\u00e3o por v\u00e1rios estados do Brasil, e conta com uma infinidade de pr\u00eamios e trof\u00e9us. Em 2009, ficou entre os 12 melhores cantores do pa\u00eds no reality show \u00cddolos, da Record. No final de 2012, lan\u00e7ou seu primeiro \u00e1lbum, contando com singles como Pisou na Bola e Abafa.<\/p>\n<p>Em 2015, foi convidado a fazer uma homenagem ao cantor Gusttavo Lima no programa Maquina da Fama, do SBT, apresentado por Patr\u00edcia Abravanel. No ano passado, ocupou o p\u00f3dio do quadro A Hora da Decis\u00e3o, do programa Faust\u00e3o Na Band, onde foi selecionado entre 5 mil candidatos e participou de mar\u00e7o a dezembro.<\/p>\n<p>Compositor e cantor de timbre forte e voz \u00fanica, Maycon j\u00e1 fez participa\u00e7\u00f5es especiais em shows de importantes artistas do sertanejo, como Daniel, Michel Tel\u00f3, Bruno &amp; Marrone e Thaeme &amp; Thiago.<\/p>\n<p><em>*Observat\u00f3rio dos famosos, com colabora\u00e7\u00e3o de Savanna Machado<\/em><\/p>\n","protected":false},"excerpt":{"rendered":"<p>O cantor Sul-chapadense Maycon Balbino lan\u00e7ou nesta sexta-feira (28) a musica e o videoclipe do single Me Respeita Porra que est\u00e1 dispon\u00edvel em todas as plataformas de musicas e o clipe no Youtube. Maycon Balbino vem sendo tratado como a nova sensa\u00e7\u00e3o do sertanejo como os portais Observat\u00f3rio dos Famosos do site UOL e o [&hellip;]<\/p>\n","protected":false},"author":5,"featured_media":238342,"comment_status":"closed","ping_status":"closed","sticky":false,"template":"","format":"standard","meta":{"footnotes":""},"categories":[23],"tags":[],"class_list":["post-238341","post","type-post","status-publish","format-standard","has-post-thumbnail","hentry","category-chapadao-do-sul"],"_links":{"self":[{"href":"https:\/\/www.ocorreionews.com.br\/acervo-correio\/index.php?rest_route=\/wp\/v2\/posts\/238341","targetHints":{"allow":["GET"]}}],"collection":[{"href":"https:\/\/www.ocorreionews.com.br\/acervo-correio\/index.php?rest_route=\/wp\/v2\/posts"}],"about":[{"href":"https:\/\/www.ocorreionews.com.br\/acervo-correio\/index.php?rest_route=\/wp\/v2\/types\/post"}],"author":[{"embeddable":true,"href":"https:\/\/www.ocorreionews.com.br\/acervo-correio\/index.php?rest_route=\/wp\/v2\/users\/5"}],"replies":[{"embeddable":true,"href":"https:\/\/www.ocorreionews.com.br\/acervo-correio\/index.php?rest_route=%2Fwp%2Fv2%2Fcomments&post=238341"}],"version-history":[{"count":1,"href":"https:\/\/www.ocorreionews.com.br\/acervo-correio\/index.php?rest_route=\/wp\/v2\/posts\/238341\/revisions"}],"predecessor-version":[{"id":238344,"href":"https:\/\/www.ocorreionews.com.br\/acervo-correio\/index.php?rest_route=\/wp\/v2\/posts\/238341\/revisions\/238344"}],"wp:featuredmedia":[{"embeddable":true,"href":"https:\/\/www.ocorreionews.com.br\/acervo-correio\/index.php?rest_route=\/wp\/v2\/media\/238342"}],"wp:attachment":[{"href":"https:\/\/www.ocorreionews.com.br\/acervo-correio\/index.php?rest_route=%2Fwp%2Fv2%2Fmedia&parent=238341"}],"wp:term":[{"taxonomy":"category","embeddable":true,"href":"https:\/\/www.ocorreionews.com.br\/acervo-correio\/index.php?rest_route=%2Fwp%2Fv2%2Fcategories&post=238341"},{"taxonomy":"post_tag","embeddable":true,"href":"https:\/\/www.ocorreionews.com.br\/acervo-correio\/index.php?rest_route=%2Fwp%2Fv2%2Ftags&post=238341"}],"curies":[{"name":"wp","href":"https:\/\/api.w.org\/{rel}","templated":true}]}}