{"id":238345,"date":"2023-04-28T16:24:15","date_gmt":"2023-04-28T20:24:15","guid":{"rendered":"https:\/\/www.ocorreionews.com.br\/acervo-correio\/?p=238345"},"modified":"2023-04-28T16:24:15","modified_gmt":"2023-04-28T20:24:15","slug":"carreta-desgovernada-atinge-parede-de-supermercado-em-paraiso-das-aguas","status":"publish","type":"post","link":"https:\/\/www.ocorreionews.com.br\/acervo-correio\/?p=238345","title":{"rendered":"Carreta desgovernada  atinge parede de supermercado em Para\u00edso das \u00c1guas"},"content":{"rendered":"<p>Nesta quinta-feira (27) uma carreta ap\u00f3s se desengatar acabou colidindo com a parede de um supermercado em Para\u00edso das \u00c1guas.<\/p>\n<p>Segundo informa\u00e7\u00f5es do Boletim de Ocorr\u00eancia, os pol\u00edcias militares de Para\u00edso das \u00c1guas foram acionados ap\u00f3s, uma carreta colidir em supermercado que fica na esquina da Avenida Manoel Rodrigues da Cruz, com a Rua 35.<\/p>\n<p>Segundo um homem de 46 anos, motorista da carreta modelo Mercedes Benz, AXOR 2540, de cor branca, relatou que n\u00e3o sabe como o veiculo desceu, pois ele estava parado e engatado.<\/p>\n<p>Diante os fatos, foram colhidos os dados do motorista para a confec\u00e7\u00e3o de um boletim de ocorr\u00eancia e encaminhado \u00e0 Delegacia de pol\u00edcia Civil para que as medidas fossem devidamente tomadas.<\/p>\n<p><img decoding=\"async\" src=\"https:\/\/www.bncnoticias.com.br\/arquivos\/img-uploads\/639xNximagem_105.jpeg.pagespeed.ic.kQqWG8nQSf.webp\" \/><\/p>\n","protected":false},"excerpt":{"rendered":"<p>Nesta quinta-feira (27) uma carreta ap\u00f3s se desengatar acabou colidindo com a parede de um supermercado em Para\u00edso das \u00c1guas. Segundo informa\u00e7\u00f5es do Boletim de Ocorr\u00eancia, os pol\u00edcias militares de Para\u00edso das \u00c1guas foram acionados ap\u00f3s, uma carreta colidir em supermercado que fica na esquina da Avenida Manoel Rodrigues da Cruz, com a Rua 35. [&hellip;]<\/p>\n","protected":false},"author":5,"featured_media":238346,"comment_status":"closed","ping_status":"closed","sticky":false,"template":"","format":"standard","meta":{"footnotes":""},"categories":[36,38],"tags":[],"class_list":["post-238345","post","type-post","status-publish","format-standard","has-post-thumbnail","hentry","category-paraiso-das-aguas","category-policia"],"_links":{"self":[{"href":"https:\/\/www.ocorreionews.com.br\/acervo-correio\/index.php?rest_route=\/wp\/v2\/posts\/238345","targetHints":{"allow":["GET"]}}],"collection":[{"href":"https:\/\/www.ocorreionews.com.br\/acervo-correio\/index.php?rest_route=\/wp\/v2\/posts"}],"about":[{"href":"https:\/\/www.ocorreionews.com.br\/acervo-correio\/index.php?rest_route=\/wp\/v2\/types\/post"}],"author":[{"embeddable":true,"href":"https:\/\/www.ocorreionews.com.br\/acervo-correio\/index.php?rest_route=\/wp\/v2\/users\/5"}],"replies":[{"embeddable":true,"href":"https:\/\/www.ocorreionews.com.br\/acervo-correio\/index.php?rest_route=%2Fwp%2Fv2%2Fcomments&post=238345"}],"version-history":[{"count":1,"href":"https:\/\/www.ocorreionews.com.br\/acervo-correio\/index.php?rest_route=\/wp\/v2\/posts\/238345\/revisions"}],"predecessor-version":[{"id":238347,"href":"https:\/\/www.ocorreionews.com.br\/acervo-correio\/index.php?rest_route=\/wp\/v2\/posts\/238345\/revisions\/238347"}],"wp:featuredmedia":[{"embeddable":true,"href":"https:\/\/www.ocorreionews.com.br\/acervo-correio\/index.php?rest_route=\/wp\/v2\/media\/238346"}],"wp:attachment":[{"href":"https:\/\/www.ocorreionews.com.br\/acervo-correio\/index.php?rest_route=%2Fwp%2Fv2%2Fmedia&parent=238345"}],"wp:term":[{"taxonomy":"category","embeddable":true,"href":"https:\/\/www.ocorreionews.com.br\/acervo-correio\/index.php?rest_route=%2Fwp%2Fv2%2Fcategories&post=238345"},{"taxonomy":"post_tag","embeddable":true,"href":"https:\/\/www.ocorreionews.com.br\/acervo-correio\/index.php?rest_route=%2Fwp%2Fv2%2Ftags&post=238345"}],"curies":[{"name":"wp","href":"https:\/\/api.w.org\/{rel}","templated":true}]}}