{"id":238352,"date":"2023-04-28T16:48:13","date_gmt":"2023-04-28T20:48:13","guid":{"rendered":"https:\/\/www.ocorreionews.com.br\/acervo-correio\/?p=238352"},"modified":"2023-04-28T16:48:13","modified_gmt":"2023-04-28T20:48:13","slug":"ladrao-furta-traia-de-arreio-avaliado-em-r4mil-em-fazenda-de-figueirao","status":"publish","type":"post","link":"https:\/\/www.ocorreionews.com.br\/acervo-correio\/?p=238352","title":{"rendered":"Ladr\u00e3o furta \u201cTraia de Arreio\u201d avaliado em R$4mil em fazenda de Figueir\u00e3o"},"content":{"rendered":"<p>Nesta quinta-feira (27), um ladr\u00e3o invadiu uma fazenda na cidade de Figueir\u00e3o e furtou \u201cTraia de Arreio\u201d do fazendeiro.<\/p>\n<p>De acordo com informa\u00e7\u00f5es do Boletim de Ocorr\u00eancia, a Pol\u00edcia Militar foi acionada pela v\u00edtima de 33 anos, onde o mesmo alegou que algu\u00e9m teria entrado no galp\u00e3o de sua propriedade rural, quebraram o cadeado com uma ferramenta e furtaram um equipamento denominado \u2018\u2019Traia de arreio de argola corneta e virola\u2019\u2019 estimada a um valor aproximado de R$4.000,00 tendo tamb\u00e9m um valor muito afetivo.<\/p>\n<p>Foram realizados as diligencias porem o autor n\u00e3o foi encontrado at\u00e9 o momento.<\/p>\n","protected":false},"excerpt":{"rendered":"<p>Nesta quinta-feira (27), um ladr\u00e3o invadiu uma fazenda na cidade de Figueir\u00e3o e furtou \u201cTraia de Arreio\u201d do fazendeiro. De acordo com informa\u00e7\u00f5es do Boletim de Ocorr\u00eancia, a Pol\u00edcia Militar foi acionada pela v\u00edtima de 33 anos, onde o mesmo alegou que algu\u00e9m teria entrado no galp\u00e3o de sua propriedade rural, quebraram o cadeado com [&hellip;]<\/p>\n","protected":false},"author":5,"featured_media":238353,"comment_status":"closed","ping_status":"closed","sticky":false,"template":"","format":"standard","meta":{"footnotes":""},"categories":[30,38],"tags":[],"class_list":["post-238352","post","type-post","status-publish","format-standard","has-post-thumbnail","hentry","category-figueirao","category-policia"],"_links":{"self":[{"href":"https:\/\/www.ocorreionews.com.br\/acervo-correio\/index.php?rest_route=\/wp\/v2\/posts\/238352","targetHints":{"allow":["GET"]}}],"collection":[{"href":"https:\/\/www.ocorreionews.com.br\/acervo-correio\/index.php?rest_route=\/wp\/v2\/posts"}],"about":[{"href":"https:\/\/www.ocorreionews.com.br\/acervo-correio\/index.php?rest_route=\/wp\/v2\/types\/post"}],"author":[{"embeddable":true,"href":"https:\/\/www.ocorreionews.com.br\/acervo-correio\/index.php?rest_route=\/wp\/v2\/users\/5"}],"replies":[{"embeddable":true,"href":"https:\/\/www.ocorreionews.com.br\/acervo-correio\/index.php?rest_route=%2Fwp%2Fv2%2Fcomments&post=238352"}],"version-history":[{"count":1,"href":"https:\/\/www.ocorreionews.com.br\/acervo-correio\/index.php?rest_route=\/wp\/v2\/posts\/238352\/revisions"}],"predecessor-version":[{"id":238354,"href":"https:\/\/www.ocorreionews.com.br\/acervo-correio\/index.php?rest_route=\/wp\/v2\/posts\/238352\/revisions\/238354"}],"wp:featuredmedia":[{"embeddable":true,"href":"https:\/\/www.ocorreionews.com.br\/acervo-correio\/index.php?rest_route=\/wp\/v2\/media\/238353"}],"wp:attachment":[{"href":"https:\/\/www.ocorreionews.com.br\/acervo-correio\/index.php?rest_route=%2Fwp%2Fv2%2Fmedia&parent=238352"}],"wp:term":[{"taxonomy":"category","embeddable":true,"href":"https:\/\/www.ocorreionews.com.br\/acervo-correio\/index.php?rest_route=%2Fwp%2Fv2%2Fcategories&post=238352"},{"taxonomy":"post_tag","embeddable":true,"href":"https:\/\/www.ocorreionews.com.br\/acervo-correio\/index.php?rest_route=%2Fwp%2Fv2%2Ftags&post=238352"}],"curies":[{"name":"wp","href":"https:\/\/api.w.org\/{rel}","templated":true}]}}