{"id":238454,"date":"2023-04-30T14:52:12","date_gmt":"2023-04-30T18:52:12","guid":{"rendered":"https:\/\/www.ocorreionews.com.br\/acervo-correio\/?p=238454"},"modified":"2023-04-30T14:52:12","modified_gmt":"2023-04-30T18:52:12","slug":"nova-presidente-da-embrapa-quer-mostrar-para-o-mundo-a-agricultura-sustentavel-do-brasil","status":"publish","type":"post","link":"https:\/\/www.ocorreionews.com.br\/acervo-correio\/?p=238454","title":{"rendered":"Nova presidente da Embrapa quer mostrar para o mundo a agricultura sustent\u00e1vel do Brasil"},"content":{"rendered":"<p>Durante a cerim\u00f4nia dos 50 anos da Empresa Brasileira de Pesquisa Agropecu\u00e1ria (Embrapa), que foi realizada nesta quarta-feira (26), em Bras\u00edlia, a presidente eleita da empresa, Silvia Massruh\u00e1, falou para o Canal Rural sobre os pr\u00f3ximos anos da empresa. Segundo Silva, um dos desafios \u00e9 mostrar para o mundo a agricultura sustent\u00e1vel do Brasil<\/p>\n<blockquote><p>\u201cN\u00f3s temos um desafio grande pela frente que \u00e9 mostrar que nossa agricultura \u00e9 sustent\u00e1vel. N\u00e3o adianta s\u00f3 falar, temos que mostrar em n\u00fameros. Mostrar a agricultura sustent\u00e1vel em tr\u00eas dimens\u00f5es: ambiental, econ\u00f4mica e social. N\u00f3s podemos produzir mais conservando o meio ambiente. O Brasil \u00e9 o maior celeiro de produ\u00e7\u00e3o de alimentos e produz de forma sustentavel\u201d, declarou a presidente.<\/p><\/blockquote>\n<p>Massruh\u00e1 tamb\u00e9m falou sobre sua carreira e a necessidade de aproximar pequenos e m\u00e9dios produtores dos grandes, trazendo tecnologia e inova\u00e7\u00e3o para todas as categorias de produ\u00e7\u00e3o no agroneg\u00f3cio. Ela tamb\u00e9m falou da import\u00e2ncia dos jovens para construir a Embrapa do futuro. Confira abaixo a entrevista completa.<\/p>\n<p>&nbsp;<\/p>\n<div class=\"rll-youtube-player\" data-src=\"https:\/\/www.youtube.com\/embed\/NhnO9KPYIBM\" data-id=\"NhnO9KPYIBM\" data-query=\"\">\n<div data-id=\"NhnO9KPYIBM\" data-query=\"\" data-src=\"https:\/\/www.youtube.com\/embed\/NhnO9KPYIBM\"><img loading=\"lazy\" decoding=\"async\" class=\"entered lazyloaded\" src=\"https:\/\/i.ytimg.com\/vi\/NhnO9KPYIBM\/hqdefault.jpg\" alt=\"\" width=\"480\" height=\"360\" data-lazy-src=\"https:\/\/i.ytimg.com\/vi\/NhnO9KPYIBM\/hqdefault.jpg\" data-ll-status=\"loaded\" \/><\/div>\n<\/div>\n<p>&nbsp;<\/p>\n<div class=\"texto-noticia\">\n<div class=\"texto-noticia\">\n<div class=\"texto-noticia\">\n<div class=\"texto-noticia\">\n<div class=\"texto-noticia\">\n<div class=\"texto-noticia\">\n<div class=\"texto-noticia\">\n<div class=\"texto-noticia\">\n<div class=\"texto-noticia\">\n<div class=\"texto-noticia\">\n<div class=\"texto-noticia\">\n<div class=\"texto-noticia\">\n<div class=\"texto-noticia\">\n<div class=\"texto-noticia\">\n<div class=\"texto-noticia\">\n<p>Canal rural<\/p>\n<\/div>\n<\/div>\n<\/div>\n<\/div>\n<\/div>\n<\/div>\n<\/div>\n<\/div>\n<\/div>\n<\/div>\n<\/div>\n<\/div>\n<\/div>\n<\/div>\n<\/div>\n","protected":false},"excerpt":{"rendered":"<p>Durante a cerim\u00f4nia dos 50 anos da Empresa Brasileira de Pesquisa Agropecu\u00e1ria (Embrapa), que foi realizada nesta quarta-feira (26), em Bras\u00edlia, a presidente eleita da empresa, Silvia Massruh\u00e1, falou para o Canal Rural sobre os pr\u00f3ximos anos da empresa. Segundo Silva, um dos desafios \u00e9 mostrar para o mundo a agricultura sustent\u00e1vel do Brasil \u201cN\u00f3s [&hellip;]<\/p>\n","protected":false},"author":4,"featured_media":238455,"comment_status":"closed","ping_status":"closed","sticky":false,"template":"","format":"standard","meta":{"footnotes":""},"categories":[17],"tags":[],"class_list":["post-238454","post","type-post","status-publish","format-standard","has-post-thumbnail","hentry","category-agropecuaria"],"_links":{"self":[{"href":"https:\/\/www.ocorreionews.com.br\/acervo-correio\/index.php?rest_route=\/wp\/v2\/posts\/238454","targetHints":{"allow":["GET"]}}],"collection":[{"href":"https:\/\/www.ocorreionews.com.br\/acervo-correio\/index.php?rest_route=\/wp\/v2\/posts"}],"about":[{"href":"https:\/\/www.ocorreionews.com.br\/acervo-correio\/index.php?rest_route=\/wp\/v2\/types\/post"}],"author":[{"embeddable":true,"href":"https:\/\/www.ocorreionews.com.br\/acervo-correio\/index.php?rest_route=\/wp\/v2\/users\/4"}],"replies":[{"embeddable":true,"href":"https:\/\/www.ocorreionews.com.br\/acervo-correio\/index.php?rest_route=%2Fwp%2Fv2%2Fcomments&post=238454"}],"version-history":[{"count":1,"href":"https:\/\/www.ocorreionews.com.br\/acervo-correio\/index.php?rest_route=\/wp\/v2\/posts\/238454\/revisions"}],"predecessor-version":[{"id":238456,"href":"https:\/\/www.ocorreionews.com.br\/acervo-correio\/index.php?rest_route=\/wp\/v2\/posts\/238454\/revisions\/238456"}],"wp:featuredmedia":[{"embeddable":true,"href":"https:\/\/www.ocorreionews.com.br\/acervo-correio\/index.php?rest_route=\/wp\/v2\/media\/238455"}],"wp:attachment":[{"href":"https:\/\/www.ocorreionews.com.br\/acervo-correio\/index.php?rest_route=%2Fwp%2Fv2%2Fmedia&parent=238454"}],"wp:term":[{"taxonomy":"category","embeddable":true,"href":"https:\/\/www.ocorreionews.com.br\/acervo-correio\/index.php?rest_route=%2Fwp%2Fv2%2Fcategories&post=238454"},{"taxonomy":"post_tag","embeddable":true,"href":"https:\/\/www.ocorreionews.com.br\/acervo-correio\/index.php?rest_route=%2Fwp%2Fv2%2Ftags&post=238454"}],"curies":[{"name":"wp","href":"https:\/\/api.w.org\/{rel}","templated":true}]}}