{"id":238463,"date":"2023-04-30T15:10:27","date_gmt":"2023-04-30T19:10:27","guid":{"rendered":"https:\/\/www.ocorreionews.com.br\/acervo-correio\/?p=238463"},"modified":"2023-04-30T15:10:27","modified_gmt":"2023-04-30T19:10:27","slug":"vereadores-de-alcinopolis-participaram-da-marcha-dos-legislativos-em-brasilia","status":"publish","type":"post","link":"https:\/\/www.ocorreionews.com.br\/acervo-correio\/?p=238463","title":{"rendered":"Vereadores de Alcin\u00f3polis participaram da Marcha dos Legislativos em Bras\u00edlia"},"content":{"rendered":"<p>Vereadores da C\u00e2mara de Alcin\u00f3polis marcaram presen\u00e7a na XXII Marcha dos Legislativos Municipais, sediada em Bras\u00edlia (DF), entre os dias 25 e 28 de abril. Estiveram presentes no evento o presidente da Casa de Leis, vereador Valdeci Passarinho, a 1\u00aa secret\u00e1ria Isabel do Zezinho, 2\u00aa secret\u00e1ria Onilza Matias, vereador Ademir M\u00fcller e a vereadora Paula Do Edivaldinho.<\/p>\n<p>Os vereadores tiveram a oportunidade de participar de debates de temas nacionais de interesse dos munic\u00edpios, por meio de trocas de experi\u00eancias e informa\u00e7\u00f5es entre todos os participantes.<\/p>\n<p>Na ocasi\u00e3o, os parlamentares tamb\u00e9m tiveram reuni\u00e3o com o senador Nelsinho Trad, onde discutiram projetos habitacionais, educa\u00e7\u00e3o e demais obras para a cidade de Alcin\u00f3polis.<\/p>\n<p>\u201cN\u00f3s somos parceiros de Alcin\u00f3polis, recebemos os projetos, discutimos outros projetos relacionados \u00e0 habita\u00e7\u00e3o do programa Minha Casa, Minha Vida. Os vereadores est\u00e3o fazendo o papel deles de irem at\u00e9 Bras\u00edlia para buscar recursos federais para ajudar no desenvolvimento de Alcin\u00f3polis. Podem contar conosco\u201d, disse o senador Nelsinho Trad.<\/p>\n<p><img decoding=\"async\" class=\" lazyloaded\" src=\"https:\/\/mstododia.com.br\/uploads\/images\/WhatsApp%20Image%202023-04-28%20at%2010_13_03.jpeg\" alt=\"\" data-src=\"https:\/\/mstododia.com.br\/uploads\/images\/WhatsApp%20Image%202023-04-28%20at%2010_13_03.jpeg\" data-pin-no-hover=\"true\" \/><\/p>\n<p>\u201cN\u00f3s tamb\u00e9m reivindicamos recursos para substitui\u00e7\u00e3o das pontes de madeira por pontes de concreto nos c\u00f3rregos Bom Sucesso, Urutau e \u00c1gua Ruim, que d\u00e3o acesso ao monumento natural Serra do Bom Jardim e outras propriedades rurais\u201d, explicou o presidente Valdeci Passarinho.<\/p>\n<p>Al\u00e9m disso, os vereadores tamb\u00e9m solicitaram recursos para a aquisi\u00e7\u00e3o de \u00f4nibus escolares para melhoria no transporte dos alunos e mais investimentos na \u00e1rea da educa\u00e7\u00e3o.<\/p>\n<p><span class=\"data fz12 black uppercase\">POR: B\u00c1RBARA RODRIGUES<\/span><\/p>\n","protected":false},"excerpt":{"rendered":"<p>Vereadores da C\u00e2mara de Alcin\u00f3polis marcaram presen\u00e7a na XXII Marcha dos Legislativos Municipais, sediada em Bras\u00edlia (DF), entre os dias 25 e 28 de abril. Estiveram presentes no evento o presidente da Casa de Leis, vereador Valdeci Passarinho, a 1\u00aa secret\u00e1ria Isabel do Zezinho, 2\u00aa secret\u00e1ria Onilza Matias, vereador Ademir M\u00fcller e a vereadora Paula [&hellip;]<\/p>\n","protected":false},"author":4,"featured_media":238464,"comment_status":"closed","ping_status":"closed","sticky":false,"template":"","format":"standard","meta":{"footnotes":""},"categories":[18,20],"tags":[],"class_list":["post-238463","post","type-post","status-publish","format-standard","has-post-thumbnail","hentry","category-alcinopolis","category-camara-municipal"],"_links":{"self":[{"href":"https:\/\/www.ocorreionews.com.br\/acervo-correio\/index.php?rest_route=\/wp\/v2\/posts\/238463","targetHints":{"allow":["GET"]}}],"collection":[{"href":"https:\/\/www.ocorreionews.com.br\/acervo-correio\/index.php?rest_route=\/wp\/v2\/posts"}],"about":[{"href":"https:\/\/www.ocorreionews.com.br\/acervo-correio\/index.php?rest_route=\/wp\/v2\/types\/post"}],"author":[{"embeddable":true,"href":"https:\/\/www.ocorreionews.com.br\/acervo-correio\/index.php?rest_route=\/wp\/v2\/users\/4"}],"replies":[{"embeddable":true,"href":"https:\/\/www.ocorreionews.com.br\/acervo-correio\/index.php?rest_route=%2Fwp%2Fv2%2Fcomments&post=238463"}],"version-history":[{"count":1,"href":"https:\/\/www.ocorreionews.com.br\/acervo-correio\/index.php?rest_route=\/wp\/v2\/posts\/238463\/revisions"}],"predecessor-version":[{"id":238465,"href":"https:\/\/www.ocorreionews.com.br\/acervo-correio\/index.php?rest_route=\/wp\/v2\/posts\/238463\/revisions\/238465"}],"wp:featuredmedia":[{"embeddable":true,"href":"https:\/\/www.ocorreionews.com.br\/acervo-correio\/index.php?rest_route=\/wp\/v2\/media\/238464"}],"wp:attachment":[{"href":"https:\/\/www.ocorreionews.com.br\/acervo-correio\/index.php?rest_route=%2Fwp%2Fv2%2Fmedia&parent=238463"}],"wp:term":[{"taxonomy":"category","embeddable":true,"href":"https:\/\/www.ocorreionews.com.br\/acervo-correio\/index.php?rest_route=%2Fwp%2Fv2%2Fcategories&post=238463"},{"taxonomy":"post_tag","embeddable":true,"href":"https:\/\/www.ocorreionews.com.br\/acervo-correio\/index.php?rest_route=%2Fwp%2Fv2%2Ftags&post=238463"}],"curies":[{"name":"wp","href":"https:\/\/api.w.org\/{rel}","templated":true}]}}