{"id":238484,"date":"2023-05-01T16:07:23","date_gmt":"2023-05-01T20:07:23","guid":{"rendered":"https:\/\/www.ocorreionews.com.br\/acervo-correio\/?p=238484"},"modified":"2023-05-01T16:07:23","modified_gmt":"2023-05-01T20:07:23","slug":"bebe-de-1-ano-nao-resiste-e-morre-ao-ser-transferida-para-a-capital","status":"publish","type":"post","link":"https:\/\/www.ocorreionews.com.br\/acervo-correio\/?p=238484","title":{"rendered":"Beb\u00ea de 1 ano n\u00e3o resiste e morre ao ser transferida para a capital"},"content":{"rendered":"<p>Um beb\u00ea de um ano de vida, foi transferida para Campo Grande (MS), via Vaga Zero, ap\u00f3s receber atendimento no PAM (Pronto Atendimento M\u00e9dico), neste domingo (30).<\/p>\n<p>Durante a transfer\u00eancia para a capital, a cerca de 20 quil\u00f4metros de percurso, a crian\u00e7a n\u00e3o resistiu e faleceu.<\/p>\n<p>Ela estava sendo acompanhada por dois m\u00e9dicos, uma enfermeira e uma t\u00e9cnica enfermagem, al\u00e9m de sua m\u00e3e.<\/p>\n<p>Uma forte emo\u00e7\u00e3o tomou conta dos profissionais de sa\u00fade, que tentaram de tudo para salvar a crian\u00e7a.<\/p>\n<p>Exames foram coletados e n\u00e3o foi divulgada a causa da morte. O corpo ainda n\u00e3o foi liberado para sepultamento.<\/p>\n<p>O sepultamento dever\u00e1 ocorrer no cemit\u00e9rio Municipal Jardim da Saudade, de Para\u00edso das \u00c1guas.<\/p>\n<p>Segundo informa\u00e7\u00f5es, os pais da beb\u00ea residem a pouco tempo em Para\u00edso das \u00c1guas, vieram no nordeste do pa\u00eds.<\/p>\n","protected":false},"excerpt":{"rendered":"<p>Um beb\u00ea de um ano de vida, foi transferida para Campo Grande (MS), via Vaga Zero, ap\u00f3s receber atendimento no PAM (Pronto Atendimento M\u00e9dico), neste domingo (30). Durante a transfer\u00eancia para a capital, a cerca de 20 quil\u00f4metros de percurso, a crian\u00e7a n\u00e3o resistiu e faleceu. Ela estava sendo acompanhada por dois m\u00e9dicos, uma enfermeira [&hellip;]<\/p>\n","protected":false},"author":4,"featured_media":238486,"comment_status":"closed","ping_status":"closed","sticky":false,"template":"","format":"standard","meta":{"footnotes":""},"categories":[36],"tags":[],"class_list":["post-238484","post","type-post","status-publish","format-standard","has-post-thumbnail","hentry","category-paraiso-das-aguas"],"_links":{"self":[{"href":"https:\/\/www.ocorreionews.com.br\/acervo-correio\/index.php?rest_route=\/wp\/v2\/posts\/238484","targetHints":{"allow":["GET"]}}],"collection":[{"href":"https:\/\/www.ocorreionews.com.br\/acervo-correio\/index.php?rest_route=\/wp\/v2\/posts"}],"about":[{"href":"https:\/\/www.ocorreionews.com.br\/acervo-correio\/index.php?rest_route=\/wp\/v2\/types\/post"}],"author":[{"embeddable":true,"href":"https:\/\/www.ocorreionews.com.br\/acervo-correio\/index.php?rest_route=\/wp\/v2\/users\/4"}],"replies":[{"embeddable":true,"href":"https:\/\/www.ocorreionews.com.br\/acervo-correio\/index.php?rest_route=%2Fwp%2Fv2%2Fcomments&post=238484"}],"version-history":[{"count":1,"href":"https:\/\/www.ocorreionews.com.br\/acervo-correio\/index.php?rest_route=\/wp\/v2\/posts\/238484\/revisions"}],"predecessor-version":[{"id":238487,"href":"https:\/\/www.ocorreionews.com.br\/acervo-correio\/index.php?rest_route=\/wp\/v2\/posts\/238484\/revisions\/238487"}],"wp:featuredmedia":[{"embeddable":true,"href":"https:\/\/www.ocorreionews.com.br\/acervo-correio\/index.php?rest_route=\/wp\/v2\/media\/238486"}],"wp:attachment":[{"href":"https:\/\/www.ocorreionews.com.br\/acervo-correio\/index.php?rest_route=%2Fwp%2Fv2%2Fmedia&parent=238484"}],"wp:term":[{"taxonomy":"category","embeddable":true,"href":"https:\/\/www.ocorreionews.com.br\/acervo-correio\/index.php?rest_route=%2Fwp%2Fv2%2Fcategories&post=238484"},{"taxonomy":"post_tag","embeddable":true,"href":"https:\/\/www.ocorreionews.com.br\/acervo-correio\/index.php?rest_route=%2Fwp%2Fv2%2Ftags&post=238484"}],"curies":[{"name":"wp","href":"https:\/\/api.w.org\/{rel}","templated":true}]}}