{"id":238488,"date":"2023-05-01T16:20:05","date_gmt":"2023-05-01T20:20:05","guid":{"rendered":"https:\/\/www.ocorreionews.com.br\/acervo-correio\/?p=238488"},"modified":"2023-05-02T07:34:47","modified_gmt":"2023-05-02T11:34:47","slug":"luto-faleceu-jose-flavio-petter","status":"publish","type":"post","link":"https:\/\/www.ocorreionews.com.br\/acervo-correio\/?p=238488","title":{"rendered":"Luto: Faleceu Jos\u00e9 Fl\u00e1vio Petter"},"content":{"rendered":"<p>Faleceu na cidade de Campo Grande o morador de Chapad\u00e3o do Sul Jos\u00e9 Fl\u00e1vio Petter, aos 69 anos de idade.\u00a0 Ele sofreu um aneurisma\u00a0 cerebral e estava a v\u00e1rios dias na UTI e nessa segunda-feira, veio a \u00f3bito.<\/p>\n<p>Seu vel\u00f3rio iniciara hoje as 21 horas na veladoria municipal e o sepultamento ser\u00e1 as 11hs00 no cemit\u00e9rio municipal.<\/p>\n<p>Jos\u00e9 Fl\u00e1vio Petter deixa dois filhos,<\/p>\n","protected":false},"excerpt":{"rendered":"<p>Faleceu na cidade de Campo Grande o morador de Chapad\u00e3o do Sul Jos\u00e9 Fl\u00e1vio Petter, aos 69 anos de idade.\u00a0 Ele sofreu um aneurisma\u00a0 cerebral e estava a v\u00e1rios dias na UTI e nessa segunda-feira, veio a \u00f3bito. Seu vel\u00f3rio iniciara hoje as 21 horas na veladoria municipal e o sepultamento ser\u00e1 as 11hs00 no [&hellip;]<\/p>\n","protected":false},"author":4,"featured_media":238485,"comment_status":"closed","ping_status":"closed","sticky":false,"template":"","format":"standard","meta":{"footnotes":""},"categories":[23],"tags":[],"class_list":["post-238488","post","type-post","status-publish","format-standard","has-post-thumbnail","hentry","category-chapadao-do-sul"],"_links":{"self":[{"href":"https:\/\/www.ocorreionews.com.br\/acervo-correio\/index.php?rest_route=\/wp\/v2\/posts\/238488","targetHints":{"allow":["GET"]}}],"collection":[{"href":"https:\/\/www.ocorreionews.com.br\/acervo-correio\/index.php?rest_route=\/wp\/v2\/posts"}],"about":[{"href":"https:\/\/www.ocorreionews.com.br\/acervo-correio\/index.php?rest_route=\/wp\/v2\/types\/post"}],"author":[{"embeddable":true,"href":"https:\/\/www.ocorreionews.com.br\/acervo-correio\/index.php?rest_route=\/wp\/v2\/users\/4"}],"replies":[{"embeddable":true,"href":"https:\/\/www.ocorreionews.com.br\/acervo-correio\/index.php?rest_route=%2Fwp%2Fv2%2Fcomments&post=238488"}],"version-history":[{"count":1,"href":"https:\/\/www.ocorreionews.com.br\/acervo-correio\/index.php?rest_route=\/wp\/v2\/posts\/238488\/revisions"}],"predecessor-version":[{"id":238499,"href":"https:\/\/www.ocorreionews.com.br\/acervo-correio\/index.php?rest_route=\/wp\/v2\/posts\/238488\/revisions\/238499"}],"wp:featuredmedia":[{"embeddable":true,"href":"https:\/\/www.ocorreionews.com.br\/acervo-correio\/index.php?rest_route=\/wp\/v2\/media\/238485"}],"wp:attachment":[{"href":"https:\/\/www.ocorreionews.com.br\/acervo-correio\/index.php?rest_route=%2Fwp%2Fv2%2Fmedia&parent=238488"}],"wp:term":[{"taxonomy":"category","embeddable":true,"href":"https:\/\/www.ocorreionews.com.br\/acervo-correio\/index.php?rest_route=%2Fwp%2Fv2%2Fcategories&post=238488"},{"taxonomy":"post_tag","embeddable":true,"href":"https:\/\/www.ocorreionews.com.br\/acervo-correio\/index.php?rest_route=%2Fwp%2Fv2%2Ftags&post=238488"}],"curies":[{"name":"wp","href":"https:\/\/api.w.org\/{rel}","templated":true}]}}