{"id":238537,"date":"2023-05-02T10:07:47","date_gmt":"2023-05-02T14:07:47","guid":{"rendered":"https:\/\/www.ocorreionews.com.br\/acervo-correio\/?p=238537"},"modified":"2023-05-02T10:07:47","modified_gmt":"2023-05-02T14:07:47","slug":"jovem-que-foi-internada-apos-cheirar-pimenta-recebe-alta-da-uti-e-responde-a-estimulos","status":"publish","type":"post","link":"https:\/\/www.ocorreionews.com.br\/acervo-correio\/?p=238537","title":{"rendered":"Jovem que foi internada ap\u00f3s cheirar pimenta recebe alta da UTI e responde a est\u00edmulos"},"content":{"rendered":"<div id=\"chunk-7l8fp\">\n<div class=\"mc-column content-text active-extra-styles \" data-block-type=\"unstyled\" data-block-weight=\"59\" data-block-id=\"3\">\n<p class=\"content-text__container \" data-track-category=\"Link no Texto\" data-track-links=\"\">A trancista Thais Medeiros de Oliveira, de 25 anos, que foi internada ap\u00f3s cheirar pimenta, recebeu alta da Unidade de Terapia Intensiva (UTI) e est\u00e1 respondendo a est\u00edmulos, segundo a m\u00e3e dela, Adriana Medeiros. A jovem tinha voltado para a UTI no dia 9 deste m\u00eas, ap\u00f3s apresentar um quadro de pneumonia e queda de press\u00e3o, em Goi\u00e2nia.<\/p>\n<\/div>\n<\/div>\n<div class=\"wall protected-content\">\n<p class=\"content-text__container\">\n<div class=\"mc-column content-text active-extra-styles\" data-block-type=\"raw\" data-block-weight=\"29\" data-block-id=\"4\">\n<blockquote class=\"content-blockquote theme-border-color-primary-before\"><p>\u201cEla tem ficado boa parte do tempo acordada. Ela consegue olhar a gente, j\u00e1 est\u00e1 conseguindo mexer a cabe\u00e7a. Fica querendo conversar. Eu fico at\u00e9 emocionada\u201d, disse a m\u00e3e.<\/p><\/blockquote>\n<\/div>\n<p>&nbsp;<\/p>\n<div id=\"chunk-27ftj\">\n<div class=\"mc-column content-text active-extra-styles \" data-block-type=\"unstyled\" data-block-weight=\"51\" data-block-id=\"6\">\n<p class=\"content-text__container \" data-track-category=\"Link no Texto\" data-track-links=\"\">Thais teve alta da UTI no Centro Estadual de Reabilita\u00e7\u00e3o e Readapta\u00e7\u00e3o Dr. Henrique Santillo (Crer) h\u00e1 quatro dias, segundo a m\u00e3e, e agora est\u00e1 em um quarto na unidade. Antes de ir para o Crer, a jovem estava no Hospital Estadual de Dermatologia Sanit\u00e1ria e Reabilita\u00e7\u00e3o Santa Marta (HDS).<\/p>\n<div id=\"chunk-8sl3p\">\n<div class=\"mc-column content-text active-extra-styles \" data-block-type=\"unstyled\" data-block-weight=\"57\" data-block-id=\"10\">\n<p class=\"content-text__container \" data-track-category=\"Link no Texto\" data-track-links=\"\">Thais Medeiros passou mal ap\u00f3s cheirar pimenta em conserva durante um almo\u00e7o em fam\u00edlia, por volta de 14h do dia 17 de fevereiro. Segundo a Santa Casa de An\u00e1polis, a jovem chegou a ter um edema cerebral. O m\u00e9dico da unidade, Rubens Dias, explicou que ela tem uma les\u00e3o irrevers\u00edvel causada pela falta de oxigena\u00e7\u00e3o no c\u00e9rebro.<\/p>\n<p data-track-category=\"Link no Texto\" data-track-links=\"\">\n<\/div>\n<\/div>\n<div id=\"chunk-57ohe\">\n<div class=\"mc-column content-text active-extra-styles \" data-block-type=\"unstyled\" data-block-weight=\"53\" data-block-id=\"11\">\n<p class=\"content-text__container \" data-track-category=\"Link no Texto\" data-track-links=\"\">Antes da de ser internada novamente na UTI, Thais tinha recebido alta da Unidade de Terapia Intensiva da Santa Casa de Miseric\u00f3rdia de An\u00e1polis no dia 10 de mar\u00e7o. No dia 9 de abril, a m\u00e3e da jovem afirmou que ela estava no HDS, em Goi\u00e2nia, e tinha apresentado uma nova infec\u00e7\u00e3o.<\/p>\n<p data-track-category=\"Link no Texto\" data-track-links=\"\">\n<\/div>\n<\/div>\n<div id=\"chunk-a0i6h\">\n<div class=\"row medium-uncollapsed content-media content-photo\" data-block-type=\"backstage-photo\" data-block-id=\"12\">\n<div class=\" mc-column  content-media__container\">\n<div class=\"content-media-container glb-skeleton-box\">\n<figure class=\"content-media-figure\">\n<p><figure style=\"width: 647px\" class=\"wp-caption aligncenter\"><img loading=\"lazy\" decoding=\"async\" class=\"i-amphtml-fill-content i-amphtml-replaced-content\" src=\"https:\/\/s2.glbimg.com\/2ngyOtT25Xdb9L7DeASLqBcMg6E=\/0x0:1700x1065\/984x0\/smart\/filters:strip_icc()\/i.s3.glbimg.com\/v1\/AUTH_59edd422c0c84a879bd37670ae4f538a\/internal_photos\/bs\/2023\/K\/K\/duD6PMSh6MrGLfydDngQ\/imagem-g1-7-.png\" sizes=\"auto, (max-width: 1366px) 648px, 100vw\" srcset=\"https:\/\/s2.glbimg.com\/T1XGeNif-CGDsSbweae7FpNLdPc=\/0x0:1700x1065\/1000x0\/smart\/filters:strip_icc()\/i.s3.glbimg.com\/v1\/AUTH_59edd422c0c84a879bd37670ae4f538a\/internal_photos\/bs\/2023\/K\/K\/duD6PMSh6MrGLfydDngQ\/imagem-g1-7-.png 1000w, https:\/\/s2.glbimg.com\/2ngyOtT25Xdb9L7DeASLqBcMg6E=\/0x0:1700x1065\/984x0\/smart\/filters:strip_icc()\/i.s3.glbimg.com\/v1\/AUTH_59edd422c0c84a879bd37670ae4f538a\/internal_photos\/bs\/2023\/K\/K\/duD6PMSh6MrGLfydDngQ\/imagem-g1-7-.png 984w, https:\/\/s2.glbimg.com\/2qjubxaScwy8mLcMNjfEhbygQAY=\/0x0:1700x1065\/640x0\/smart\/filters:strip_icc()\/i.s3.glbimg.com\/v1\/AUTH_59edd422c0c84a879bd37670ae4f538a\/internal_photos\/bs\/2023\/K\/K\/duD6PMSh6MrGLfydDngQ\/imagem-g1-7-.png 640w, https:\/\/s2.glbimg.com\/r4hgHuD-8CF_D2z0wOINK12Yo_I=\/0x0:1700x1065\/600x0\/smart\/filters:strip_icc()\/i.s3.glbimg.com\/v1\/AUTH_59edd422c0c84a879bd37670ae4f538a\/internal_photos\/bs\/2023\/K\/K\/duD6PMSh6MrGLfydDngQ\/imagem-g1-7-.png 600w\" alt=\"Thais Medeiros de Oliveira foi internada na UTI ap\u00f3s passar mal ao cheirar pimenta, diz namorado \u2014 Foto: Arquivo Pessoal\/Adriana Medeiros\" width=\"647\" height=\"405\" \/><figcaption class=\"wp-caption-text\">Thais Medeiros de Oliveira foi internada na UTI ap\u00f3s passar mal ao cheirar pimenta, diz namorado \u2014 Foto: Arquivo Pessoal\/Adriana Medeiros<\/figcaption><\/figure><\/figure>\n<\/div>\n<p class=\"content-media__description  \">\n<\/div>\n<\/div>\n<\/div>\n<p class=\"content-text__container\">\n<div class=\"mc-column content-text active-extra-styles\" data-block-type=\"raw\" data-block-weight=\"5\" data-block-id=\"14\">\n<div class=\"content-intertitle\">\n<h2>Passou mal ap\u00f3s cheirar pimenta<\/h2>\n<p>&nbsp;<\/p>\n<\/div>\n<p>&nbsp;<\/p>\n<\/div>\n<div id=\"chunk-77pim\">\n<div class=\"mc-column content-text active-extra-styles \" data-block-type=\"unstyled\" data-block-weight=\"40\" data-block-id=\"15\">\n<p class=\"content-text__container \" data-track-category=\"Link no Texto\" data-track-links=\"\">Namorado da jovem, Matheus Oliveira conta que Thais viajou de Goi\u00e2nia para An\u00e1polis para visit\u00e1-lo. Ela e a fam\u00edlia dele estavam almo\u00e7ando na cozinha, quando surgiu um assunto de preparo de pimentas, que a m\u00e3e dele \u00e9 acostumada a fazer.<\/p>\n<\/div>\n<\/div>\n<p class=\"content-text__container\">\n<div class=\"mc-column content-text active-extra-styles\" data-block-type=\"raw\" data-block-weight=\"53\" data-block-id=\"16\">\n<blockquote class=\"content-blockquote theme-border-color-primary-before\"><p>\u201cEla estava com uma tosse, como se fosse uma gripe. Ela veio para casa, fez tran\u00e7a em duas amigas minhas. Ela come\u00e7ou a almo\u00e7ar normal, tranquila. E entraram no assunto de pimenta, eu n\u00e3o estava na cozinha na hora, mas passei pela sala e a vi passando a m\u00e3o no pesco\u00e7o\u201d, conta Matheus.<\/p><\/blockquote>\n<\/div>\n<p>&nbsp;<\/p>\n<div id=\"chunk-453nr\">\n<div class=\"mc-column content-text active-extra-styles \" data-block-type=\"unstyled\" data-block-weight=\"31\" data-block-id=\"17\">\n<p class=\"content-text__container \" data-track-category=\"Link no Texto\" data-track-links=\"\">A m\u00e3e de Matheus, Sandra, conta que todos estavam conversando sobre as pimentas, momento em que ela pegou o vidro de pimenta, cheirou, em seguida, a filha, o marido e Thais.<\/p>\n<\/div>\n<\/div>\n<p class=\"content-text__container\">\n<div class=\"mc-column content-text active-extra-styles\" data-block-type=\"raw\" data-block-weight=\"31\" data-block-id=\"18\">\n<blockquote class=\"content-blockquote theme-border-color-primary-before\"><p>\u201cEla n\u00e3o provou, s\u00f3 cheirou. Assim que ela cheirou a pimenta, j\u00e1 falou que estava co\u00e7ando a garganta. Larguei meu prato e fui atr\u00e1s dela. N\u00e3o foram 3 minutos\u201d, disse Sandra.<\/p><\/blockquote>\n<div id=\"chunk-8gdp7\">\n<div class=\"row medium-uncollapsed content-media content-photo\" data-block-type=\"backstage-photo\" data-block-id=\"21\">\n<div class=\" mc-column  content-media__container\">\n<p class=\"content-media__description  \">\n<\/div>\n<\/div>\n<\/div>\n<\/div>\n<div id=\"chunk-dke83\">\n<div class=\"mc-column content-text active-extra-styles \" data-block-type=\"unstyled\" data-block-weight=\"28\" data-block-id=\"19\">\n<p data-track-category=\"Link no Texto\" data-track-links=\"\">\n<p class=\"content-text__container \" data-track-category=\"Link no Texto\" data-track-links=\"\">\u201cEla entrou no banheiro, depois foi para o quarto, pegou a bombinha de asma e um comprimido. Desci correndo com ela e fomos para o hospital\u201d, conta Matheus.<\/p>\n<p data-track-category=\"Link no Texto\" data-track-links=\"\">\n<\/div>\n<\/div>\n<\/div>\n<\/div>\n<\/div>\n<div id=\"chunk-3h6e6\">\n<div class=\"mc-column content-text active-extra-styles \" data-block-type=\"unstyled\" data-block-weight=\"8\" data-block-id=\"20\">\n<p class=\"content-text__container \" data-track-category=\"Link no Texto\" data-track-links=\"\">\n<\/div>\n<\/div>\n<div id=\"chunk-8gdp7\">\n<div class=\"row medium-uncollapsed content-media content-photo\" data-block-type=\"backstage-photo\" data-block-id=\"21\">\n<div class=\" mc-column  content-media__container\">\n<div class=\"content-media-container glb-skeleton-box\">\n<figure class=\"content-media-figure\">\n<p><figure style=\"width: 647px\" class=\"wp-caption aligncenter\"><img loading=\"lazy\" decoding=\"async\" class=\"i-amphtml-fill-content i-amphtml-replaced-content\" src=\"https:\/\/s2.glbimg.com\/STZ2AQdUArHiCEYnCByGE7LAFRI=\/0x0:1700x1065\/984x0\/smart\/filters:strip_icc()\/i.s3.glbimg.com\/v1\/AUTH_59edd422c0c84a879bd37670ae4f538a\/internal_photos\/bs\/2023\/7\/s\/vBkL1QSBCtGJaF8EApKA\/thais-pimenta.jpg\" sizes=\"auto, (max-width: 1366px) 648px, 100vw\" srcset=\"https:\/\/s2.glbimg.com\/nMhHd8mkXCL_UpUid5H-nnlviFc=\/0x0:1700x1065\/1000x0\/smart\/filters:strip_icc()\/i.s3.glbimg.com\/v1\/AUTH_59edd422c0c84a879bd37670ae4f538a\/internal_photos\/bs\/2023\/7\/s\/vBkL1QSBCtGJaF8EApKA\/thais-pimenta.jpg 1000w, https:\/\/s2.glbimg.com\/STZ2AQdUArHiCEYnCByGE7LAFRI=\/0x0:1700x1065\/984x0\/smart\/filters:strip_icc()\/i.s3.glbimg.com\/v1\/AUTH_59edd422c0c84a879bd37670ae4f538a\/internal_photos\/bs\/2023\/7\/s\/vBkL1QSBCtGJaF8EApKA\/thais-pimenta.jpg 984w, https:\/\/s2.glbimg.com\/wUdGgLSfRJ6rLq_h19lVrAE3XP4=\/0x0:1700x1065\/640x0\/smart\/filters:strip_icc()\/i.s3.glbimg.com\/v1\/AUTH_59edd422c0c84a879bd37670ae4f538a\/internal_photos\/bs\/2023\/7\/s\/vBkL1QSBCtGJaF8EApKA\/thais-pimenta.jpg 640w, https:\/\/s2.glbimg.com\/nZ1awBYM2oEe9xzEyn20EtjdFRk=\/0x0:1700x1065\/600x0\/smart\/filters:strip_icc()\/i.s3.glbimg.com\/v1\/AUTH_59edd422c0c84a879bd37670ae4f538a\/internal_photos\/bs\/2023\/7\/s\/vBkL1QSBCtGJaF8EApKA\/thais-pimenta.jpg 600w\" alt=\"Thais Medeiros (esquerda) e garrafa de pimenta em conserva que ela cheirou (direita) Goi\u00e1s \u2014 Foto: Matheus Lopes de Oliveira\/Arquivo Pessoal e Reprodu\u00e7\u00e3o\/TV Anhanguera\" width=\"647\" height=\"405\" \/><figcaption class=\"wp-caption-text\">Thais Medeiros (esquerda) e garrafa de pimenta em conserva que ela cheirou (direita) Goi\u00e1s \u2014 Foto: Matheus Lopes de Oliveira\/Arquivo Pessoal e Reprodu\u00e7\u00e3o\/TV Anhanguera<\/figcaption><\/figure><\/figure>\n<\/div>\n<p class=\"content-media__description  \">\n<p>&nbsp;<\/p>\n<\/div>\n<\/div>\n<\/div>\n<div class=\"wall protected-content\">\n<div id=\"chunk-27ftj\">\n<div class=\"mc-column content-text active-extra-styles \" data-block-type=\"unstyled\" data-block-weight=\"51\" data-block-id=\"6\">\n<div id=\"chunk-dke83\">\n<div class=\"mc-column content-text active-extra-styles \" data-block-type=\"unstyled\" data-block-weight=\"28\" data-block-id=\"19\">\n<p class=\"content-publication-data__from\" title=\"Danielle Oliveira e Maiara Dal Bosco, g1 Goi\u00e1s\">Por Danielle Oliveira e Maiara Dal Bosco, g1 Goi\u00e1s<\/p>\n<\/div>\n<\/div>\n<\/div>\n<\/div>\n<\/div>\n","protected":false},"excerpt":{"rendered":"<p>A trancista Thais Medeiros de Oliveira, de 25 anos, que foi internada ap\u00f3s cheirar pimenta, recebeu alta da Unidade de Terapia Intensiva (UTI) e est\u00e1 respondendo a est\u00edmulos, segundo a m\u00e3e dela, Adriana Medeiros. A jovem tinha voltado para a UTI no dia 9 deste m\u00eas, ap\u00f3s apresentar um quadro de pneumonia e queda de [&hellip;]<\/p>\n","protected":false},"author":5,"featured_media":238540,"comment_status":"closed","ping_status":"closed","sticky":false,"template":"","format":"standard","meta":{"footnotes":""},"categories":[39],"tags":[],"class_list":["post-238537","post","type-post","status-publish","format-standard","has-post-thumbnail","hentry","category-saude"],"_links":{"self":[{"href":"https:\/\/www.ocorreionews.com.br\/acervo-correio\/index.php?rest_route=\/wp\/v2\/posts\/238537","targetHints":{"allow":["GET"]}}],"collection":[{"href":"https:\/\/www.ocorreionews.com.br\/acervo-correio\/index.php?rest_route=\/wp\/v2\/posts"}],"about":[{"href":"https:\/\/www.ocorreionews.com.br\/acervo-correio\/index.php?rest_route=\/wp\/v2\/types\/post"}],"author":[{"embeddable":true,"href":"https:\/\/www.ocorreionews.com.br\/acervo-correio\/index.php?rest_route=\/wp\/v2\/users\/5"}],"replies":[{"embeddable":true,"href":"https:\/\/www.ocorreionews.com.br\/acervo-correio\/index.php?rest_route=%2Fwp%2Fv2%2Fcomments&post=238537"}],"version-history":[{"count":1,"href":"https:\/\/www.ocorreionews.com.br\/acervo-correio\/index.php?rest_route=\/wp\/v2\/posts\/238537\/revisions"}],"predecessor-version":[{"id":238541,"href":"https:\/\/www.ocorreionews.com.br\/acervo-correio\/index.php?rest_route=\/wp\/v2\/posts\/238537\/revisions\/238541"}],"wp:featuredmedia":[{"embeddable":true,"href":"https:\/\/www.ocorreionews.com.br\/acervo-correio\/index.php?rest_route=\/wp\/v2\/media\/238540"}],"wp:attachment":[{"href":"https:\/\/www.ocorreionews.com.br\/acervo-correio\/index.php?rest_route=%2Fwp%2Fv2%2Fmedia&parent=238537"}],"wp:term":[{"taxonomy":"category","embeddable":true,"href":"https:\/\/www.ocorreionews.com.br\/acervo-correio\/index.php?rest_route=%2Fwp%2Fv2%2Fcategories&post=238537"},{"taxonomy":"post_tag","embeddable":true,"href":"https:\/\/www.ocorreionews.com.br\/acervo-correio\/index.php?rest_route=%2Fwp%2Fv2%2Ftags&post=238537"}],"curies":[{"name":"wp","href":"https:\/\/api.w.org\/{rel}","templated":true}]}}