{"id":238539,"date":"2023-05-02T10:21:52","date_gmt":"2023-05-02T14:21:52","guid":{"rendered":"https:\/\/www.ocorreionews.com.br\/acervo-correio\/?p=238539"},"modified":"2023-05-02T10:21:52","modified_gmt":"2023-05-02T14:21:52","slug":"gestante-e-atacada-por-cachorro-em-bairro-de-chapadao-do-sul","status":"publish","type":"post","link":"https:\/\/www.ocorreionews.com.br\/acervo-correio\/?p=238539","title":{"rendered":"Gestante \u00e9 atacada por cachorro em bairro de Chapad\u00e3o do Sul"},"content":{"rendered":"<p>Na manh\u00e3 do \u00faltimo domingo (30), uma mulher de 26 anos gestante foi atacada por um cachorro no Bairro Planalto em Chapad\u00e3o do Sul.<\/p>\n<p>De acordo com informa\u00e7\u00f5es do Boletim de Ocorr\u00eancia, por volta das 0930min a pol\u00edcia militar de Chapad\u00e3o do Sul, foi recebeu uma den\u00fancia, onde uma gestante havia sido atacada por um cachorro quando passava na cal\u00e7ada em frente a uma resid\u00eancia na Rua P22.<\/p>\n<p>Segundo relato da gestante, o port\u00e3o estaria aberto, e o c\u00e3o teria sa\u00eddo e mordido as pernas dela, a v\u00edtima foi encaminhada ao hospital.<\/p>\n<p>No local o dono do animal foi identificado e encaminhado Delegacia de pol\u00edcia para tomar as devidas provid\u00eancias e poder\u00e1 responder por Omiss\u00e3o de cautela na guarda ou condu\u00e7\u00e3o de animais.<\/p>\n","protected":false},"excerpt":{"rendered":"<p>Na manh\u00e3 do \u00faltimo domingo (30), uma mulher de 26 anos gestante foi atacada por um cachorro no Bairro Planalto em Chapad\u00e3o do Sul. De acordo com informa\u00e7\u00f5es do Boletim de Ocorr\u00eancia, por volta das 0930min a pol\u00edcia militar de Chapad\u00e3o do Sul, foi recebeu uma den\u00fancia, onde uma gestante havia sido atacada por um [&hellip;]<\/p>\n","protected":false},"author":5,"featured_media":114621,"comment_status":"closed","ping_status":"closed","sticky":false,"template":"","format":"standard","meta":{"footnotes":""},"categories":[23,38],"tags":[],"class_list":["post-238539","post","type-post","status-publish","format-standard","has-post-thumbnail","hentry","category-chapadao-do-sul","category-policia"],"_links":{"self":[{"href":"https:\/\/www.ocorreionews.com.br\/acervo-correio\/index.php?rest_route=\/wp\/v2\/posts\/238539","targetHints":{"allow":["GET"]}}],"collection":[{"href":"https:\/\/www.ocorreionews.com.br\/acervo-correio\/index.php?rest_route=\/wp\/v2\/posts"}],"about":[{"href":"https:\/\/www.ocorreionews.com.br\/acervo-correio\/index.php?rest_route=\/wp\/v2\/types\/post"}],"author":[{"embeddable":true,"href":"https:\/\/www.ocorreionews.com.br\/acervo-correio\/index.php?rest_route=\/wp\/v2\/users\/5"}],"replies":[{"embeddable":true,"href":"https:\/\/www.ocorreionews.com.br\/acervo-correio\/index.php?rest_route=%2Fwp%2Fv2%2Fcomments&post=238539"}],"version-history":[{"count":1,"href":"https:\/\/www.ocorreionews.com.br\/acervo-correio\/index.php?rest_route=\/wp\/v2\/posts\/238539\/revisions"}],"predecessor-version":[{"id":238543,"href":"https:\/\/www.ocorreionews.com.br\/acervo-correio\/index.php?rest_route=\/wp\/v2\/posts\/238539\/revisions\/238543"}],"wp:featuredmedia":[{"embeddable":true,"href":"https:\/\/www.ocorreionews.com.br\/acervo-correio\/index.php?rest_route=\/wp\/v2\/media\/114621"}],"wp:attachment":[{"href":"https:\/\/www.ocorreionews.com.br\/acervo-correio\/index.php?rest_route=%2Fwp%2Fv2%2Fmedia&parent=238539"}],"wp:term":[{"taxonomy":"category","embeddable":true,"href":"https:\/\/www.ocorreionews.com.br\/acervo-correio\/index.php?rest_route=%2Fwp%2Fv2%2Fcategories&post=238539"},{"taxonomy":"post_tag","embeddable":true,"href":"https:\/\/www.ocorreionews.com.br\/acervo-correio\/index.php?rest_route=%2Fwp%2Fv2%2Ftags&post=238539"}],"curies":[{"name":"wp","href":"https:\/\/api.w.org\/{rel}","templated":true}]}}