{"id":238542,"date":"2023-05-02T10:33:48","date_gmt":"2023-05-02T14:33:48","guid":{"rendered":"https:\/\/www.ocorreionews.com.br\/acervo-correio\/?p=238542"},"modified":"2023-05-02T10:33:48","modified_gmt":"2023-05-02T14:33:48","slug":"durante-aniversario-da-filha-homem-e-detido-por-fornecer-bebidas-alcoolicas-e-narguile-para-menores-em-chapadao-do-sul","status":"publish","type":"post","link":"https:\/\/www.ocorreionews.com.br\/acervo-correio\/?p=238542","title":{"rendered":"Durante anivers\u00e1rio da filha homem \u00e9 detido por fornecer bebidas alco\u00f3licas e narguil\u00e9 para menores em Chapad\u00e3o do Sul"},"content":{"rendered":"<p>Na noite do \u00faltimo s\u00e1bado (29), um homem de 44 anos foi detido, durante comemora\u00e7\u00e3o do anivers\u00e1rio de 15 anos da filha, onde policias flagraram menores consumindo bebidas alco\u00f3licas e fumando narguil\u00e9.<\/p>\n<p>Segundo informa\u00e7\u00f5es do Boletim de Ocorr\u00eancia, era por volta das 21h30min, quando a Pol\u00edcia Militar recebeu uma den\u00fancia de uma ocorr\u00eancia de perturba\u00e7\u00e3o do sossego com uso de som em alto volume e que possivelmente menores estariam consumindo bebidas alco\u00f3licas e narguil\u00e9.<\/p>\n<p>Uma guarni\u00e7\u00e3o da PM foi at\u00e9 a resid\u00eancia localizada na Rua Dos Cisnes no Bairro Esplanada II, e no local, os policiais constataram o uso de som em alto volume com m\u00fasicas de teor sexual, al\u00e9m dois menores de 15 e 16 anos fazendo uso de bebidas alco\u00f3licas e de narguil\u00e9.<\/p>\n<p>O conselho tutelar foi acionado, pois haviam muitos menores no local, e o autor, pai de uma menor que comemorava anivers\u00e1rio de 15 anos, foi encaminhado para delegacia de pol\u00edcia para tomar as medidas cab\u00edveis.<\/p>\n","protected":false},"excerpt":{"rendered":"<p>Na noite do \u00faltimo s\u00e1bado (29), um homem de 44 anos foi detido, durante comemora\u00e7\u00e3o do anivers\u00e1rio de 15 anos da filha, onde policias flagraram menores consumindo bebidas alco\u00f3licas e fumando narguil\u00e9. Segundo informa\u00e7\u00f5es do Boletim de Ocorr\u00eancia, era por volta das 21h30min, quando a Pol\u00edcia Militar recebeu uma den\u00fancia de uma ocorr\u00eancia de perturba\u00e7\u00e3o [&hellip;]<\/p>\n","protected":false},"author":5,"featured_media":238545,"comment_status":"closed","ping_status":"closed","sticky":false,"template":"","format":"standard","meta":{"footnotes":""},"categories":[23,38],"tags":[],"class_list":["post-238542","post","type-post","status-publish","format-standard","has-post-thumbnail","hentry","category-chapadao-do-sul","category-policia"],"_links":{"self":[{"href":"https:\/\/www.ocorreionews.com.br\/acervo-correio\/index.php?rest_route=\/wp\/v2\/posts\/238542","targetHints":{"allow":["GET"]}}],"collection":[{"href":"https:\/\/www.ocorreionews.com.br\/acervo-correio\/index.php?rest_route=\/wp\/v2\/posts"}],"about":[{"href":"https:\/\/www.ocorreionews.com.br\/acervo-correio\/index.php?rest_route=\/wp\/v2\/types\/post"}],"author":[{"embeddable":true,"href":"https:\/\/www.ocorreionews.com.br\/acervo-correio\/index.php?rest_route=\/wp\/v2\/users\/5"}],"replies":[{"embeddable":true,"href":"https:\/\/www.ocorreionews.com.br\/acervo-correio\/index.php?rest_route=%2Fwp%2Fv2%2Fcomments&post=238542"}],"version-history":[{"count":1,"href":"https:\/\/www.ocorreionews.com.br\/acervo-correio\/index.php?rest_route=\/wp\/v2\/posts\/238542\/revisions"}],"predecessor-version":[{"id":238546,"href":"https:\/\/www.ocorreionews.com.br\/acervo-correio\/index.php?rest_route=\/wp\/v2\/posts\/238542\/revisions\/238546"}],"wp:featuredmedia":[{"embeddable":true,"href":"https:\/\/www.ocorreionews.com.br\/acervo-correio\/index.php?rest_route=\/wp\/v2\/media\/238545"}],"wp:attachment":[{"href":"https:\/\/www.ocorreionews.com.br\/acervo-correio\/index.php?rest_route=%2Fwp%2Fv2%2Fmedia&parent=238542"}],"wp:term":[{"taxonomy":"category","embeddable":true,"href":"https:\/\/www.ocorreionews.com.br\/acervo-correio\/index.php?rest_route=%2Fwp%2Fv2%2Fcategories&post=238542"},{"taxonomy":"post_tag","embeddable":true,"href":"https:\/\/www.ocorreionews.com.br\/acervo-correio\/index.php?rest_route=%2Fwp%2Fv2%2Ftags&post=238542"}],"curies":[{"name":"wp","href":"https:\/\/api.w.org\/{rel}","templated":true}]}}