{"id":23862,"date":"2016-03-29T09:54:25","date_gmt":"2016-03-29T13:54:25","guid":{"rendered":"https:\/\/ocorreionews.com.br\/?p=23862"},"modified":"2016-03-29T09:54:25","modified_gmt":"2016-03-29T13:54:25","slug":"projeto-toca-paraiso-ensina-violao-gratuitamente-para-populacao-paraisense","status":"publish","type":"post","link":"https:\/\/www.ocorreionews.com.br\/acervo-correio\/?p=23862","title":{"rendered":"Projeto Toca Para\u00edso ensina viol\u00e3o gratuitamente para popula\u00e7\u00e3o paraisense"},"content":{"rendered":"<p>A Prefeitura Municipal de Para\u00edso das \u00c1guas atrav\u00e9s da Secretaria Municipal de Educa\u00e7\u00e3o em parceria com o Departamento de Cultura est\u00e1 realizando a oficina Viol\u00e3o Popular\u00a0 \u201cToca Para\u00edso\u201d, que tem como meta principal\u00a0 oferecer mais qualidade de vida aos mun\u00edcipes, atrav\u00e9s do ensino da m\u00fasica, tendo o viol\u00e3o como base.<\/p>\n<p>V\u00e1rios estilos musicais est\u00e3o sendo ensinados nas aulas, entre eles: sertanejo tradicional, raiz, universit\u00e1rio e sertanejo pagod\u00e3o;\u00a0 samba, rock, entre outros.<\/p>\n<p>A oficina de viol\u00e3o divide-se em tr\u00eas etapas e as aulas acontecem todas as segundas-feiras a partir das 19 horas na sede da Banda Municipal de Para\u00edso das \u00c1guas- BAMP\u00c1.<\/p>\n<p>\u201c Cumprindo estas tr\u00eas etapas, o aluno ter\u00e1 o conhecimento b\u00e1sico de Viol\u00e3o Popular, podendo fazer diferencia\u00e7\u00e3o entre estilos e g\u00eaneros musicais, abrindo lhe op\u00e7\u00f5es de prosseguir com seus estudos musicais conforme o g\u00eanero ou estilo que tiver mais afinidade\u201d mencionou o mastro Wanderlan Rodrigues Ferreira.<\/p>\n<figure id=\"attachment_23863\" aria-describedby=\"caption-attachment-23863\" style=\"width: 300px\" class=\"wp-caption alignleft\"><a href=\"https:\/\/ocorreionews.com.br\/wp-content\/uploads\/2016\/03\/Projeto-Toca-Para\u00edso-2.jpg\" rel=\"attachment wp-att-23863\"><img loading=\"lazy\" decoding=\"async\" class=\"size-medium wp-image-23863\" src=\"https:\/\/ocorreionews.com.br\/wp-content\/uploads\/2016\/03\/Projeto-Toca-Para\u00edso-2-300x169.jpg\" alt=\"Jpeg\" width=\"300\" height=\"169\" srcset=\"https:\/\/www.ocorreionews.com.br\/acervo-correio\/wp-content\/uploads\/2016\/03\/Projeto-Toca-Para\u00edso-2-300x169.jpg 300w, https:\/\/www.ocorreionews.com.br\/acervo-correio\/wp-content\/uploads\/2016\/03\/Projeto-Toca-Para\u00edso-2.jpg 670w\" sizes=\"auto, (max-width: 300px) 100vw, 300px\" \/><\/a><figcaption id=\"caption-attachment-23863\" class=\"wp-caption-text\">Jpeg<\/figcaption><\/figure>\n<p>O projeto atende alunos a partir dos 10 anos de idade, e as vagas est\u00e3o distribu\u00eddas da seguinte forma: cinco vagas para pessoas de 10 a 15 anos; cinco vagas para pessoas de 16 a 20 anos e dez vagas para pessoas acima de 21 anos de idade.<\/p>\n<p>Informa\u00e7\u00f5es podem ser obtidas na pr\u00f3pria BAMP\u00c1 com o maestro Wanderlan.<\/p>\n<p>A Banda Musical de Para\u00edso das \u00c1guas est\u00e1 localizada na Rua Sabino Rodrigues de Menezes,\u00a0 n\u00ba 60.<\/p>\n<p>&nbsp;<\/p>\n<p>ASSECOM- Prefeitura Municipal de Para\u00edso das \u00c1guas- MS<\/p>\n","protected":false},"excerpt":{"rendered":"<p>A Prefeitura Municipal de Para\u00edso das \u00c1guas atrav\u00e9s da Secretaria Municipal de Educa\u00e7\u00e3o em parceria com o Departamento de Cultura est\u00e1 realizando a oficina Viol\u00e3o Popular\u00a0 \u201cToca Para\u00edso\u201d, que tem como meta principal\u00a0 oferecer mais qualidade de vida aos mun\u00edcipes, atrav\u00e9s do ensino da m\u00fasica, tendo o viol\u00e3o como base. V\u00e1rios estilos musicais est\u00e3o sendo [&hellip;]<\/p>\n","protected":false},"author":4,"featured_media":23864,"comment_status":"closed","ping_status":"closed","sticky":false,"template":"","format":"standard","meta":{"footnotes":""},"categories":[36],"tags":[],"class_list":["post-23862","post","type-post","status-publish","format-standard","has-post-thumbnail","hentry","category-paraiso-das-aguas"],"_links":{"self":[{"href":"https:\/\/www.ocorreionews.com.br\/acervo-correio\/index.php?rest_route=\/wp\/v2\/posts\/23862","targetHints":{"allow":["GET"]}}],"collection":[{"href":"https:\/\/www.ocorreionews.com.br\/acervo-correio\/index.php?rest_route=\/wp\/v2\/posts"}],"about":[{"href":"https:\/\/www.ocorreionews.com.br\/acervo-correio\/index.php?rest_route=\/wp\/v2\/types\/post"}],"author":[{"embeddable":true,"href":"https:\/\/www.ocorreionews.com.br\/acervo-correio\/index.php?rest_route=\/wp\/v2\/users\/4"}],"replies":[{"embeddable":true,"href":"https:\/\/www.ocorreionews.com.br\/acervo-correio\/index.php?rest_route=%2Fwp%2Fv2%2Fcomments&post=23862"}],"version-history":[{"count":0,"href":"https:\/\/www.ocorreionews.com.br\/acervo-correio\/index.php?rest_route=\/wp\/v2\/posts\/23862\/revisions"}],"wp:featuredmedia":[{"embeddable":true,"href":"https:\/\/www.ocorreionews.com.br\/acervo-correio\/index.php?rest_route=\/wp\/v2\/media\/23864"}],"wp:attachment":[{"href":"https:\/\/www.ocorreionews.com.br\/acervo-correio\/index.php?rest_route=%2Fwp%2Fv2%2Fmedia&parent=23862"}],"wp:term":[{"taxonomy":"category","embeddable":true,"href":"https:\/\/www.ocorreionews.com.br\/acervo-correio\/index.php?rest_route=%2Fwp%2Fv2%2Fcategories&post=23862"},{"taxonomy":"post_tag","embeddable":true,"href":"https:\/\/www.ocorreionews.com.br\/acervo-correio\/index.php?rest_route=%2Fwp%2Fv2%2Ftags&post=23862"}],"curies":[{"name":"wp","href":"https:\/\/api.w.org\/{rel}","templated":true}]}}