{"id":238653,"date":"2023-05-02T14:18:43","date_gmt":"2023-05-02T18:18:43","guid":{"rendered":"https:\/\/www.ocorreionews.com.br\/acervo-correio\/?p=238653"},"modified":"2023-05-02T14:18:43","modified_gmt":"2023-05-02T18:18:43","slug":"junta-de-servico-militar-chapadao-do-sul-realizou-solenidade-de-dispensa-de-incorporacao","status":"publish","type":"post","link":"https:\/\/www.ocorreionews.com.br\/acervo-correio\/?p=238653","title":{"rendered":"Junta de Servi\u00e7o Militar Chapad\u00e3o do Sul, realizou Solenidade de Dispensa de Incorpora\u00e7\u00e3o"},"content":{"rendered":"<p>A Junta Militar realizou no dia 27 de Abril as 15H, em sua sede, a primeira solenidade de entrega de Certificado de Dispensa de Incorpora\u00e7\u00e3o-CDI, de 2023. Estavam aptos para receberem o documento 166 cidad\u00e3os, alistados no per\u00edodo de Janeiro a Abril de 2023, das classes 2005 e classes anteriores.<\/p>\n<p>Dos cidad\u00e3os que estavam aptos a receberem o certificado, compareceram 135, e os que n\u00e3o compareceram dever\u00e3o retornar a Junta Militar para atualizar o seu documento militar, revalidando o mesmo para a pr\u00f3xima solenidade.<\/p>\n<p>O trabalho de recep\u00e7\u00e3o dos alistados iniciou-se as 07H e permaneceu por todo o dia, inclusive sem intervalo para o almo\u00e7o para o atendimento, at\u00e9 ao hor\u00e1rio da solenidade as 15H.<\/p>\n<p>Na solenidade estiveram presentes apenas familiares dos dispensados, os estagi\u00e1rios da Junta Militar, Kelvys e Jamily, ao qual prestaram relevante servi\u00e7o na recep\u00e7\u00e3o, no atendimento aos cidad\u00e3os na sala da JSM e na solenidade.<\/p>\n<p>A presente Solenidade foi presidida pelo secretario da Junta de Servi\u00e7o Militar 168\u00aa, Valdir Pivatto, que deu as boas vindas h\u00e1 todos os presentes, agradeceu a presen\u00e7a de todos os alistados e dispensados naquele ato c\u00edvico, disse que n\u00e3o seria poss\u00edvel a realiza\u00e7\u00e3o desta cerimonia c\u00edvico militar sem a presen\u00e7a dos senhores alistados.<\/p>\n<p>Neste ato leu tamb\u00e9m uma mensagem do ministro das for\u00e7as armadas brasileiras para todos os jovens cidad\u00e3os que foram dispensados de vestir a farda Verde Oliva, realizado o canto do Hino Nacional, assim como o solene compromisso a Bandeira que os dispensados realizaram.<\/p>\n<p>Confira a galeria de imagens\u00a0<a href=\"http:\/\/www.chapadaodosul.ms.gov.br\/galeria\/solenidade-de-dispensa-de-incorporao-168-junta-de-servio-militar-27-04-2023\/9059\" target=\"_blank\" rel=\"noopener\">clicando aqui.<\/a><\/p>\n<p>*Assecom PMCS<\/p>\n","protected":false},"excerpt":{"rendered":"<p>A Junta Militar realizou no dia 27 de Abril as 15H, em sua sede, a primeira solenidade de entrega de Certificado de Dispensa de Incorpora\u00e7\u00e3o-CDI, de 2023. Estavam aptos para receberem o documento 166 cidad\u00e3os, alistados no per\u00edodo de Janeiro a Abril de 2023, das classes 2005 e classes anteriores. Dos cidad\u00e3os que estavam aptos [&hellip;]<\/p>\n","protected":false},"author":5,"featured_media":238654,"comment_status":"closed","ping_status":"closed","sticky":false,"template":"","format":"standard","meta":{"footnotes":""},"categories":[23],"tags":[],"class_list":["post-238653","post","type-post","status-publish","format-standard","has-post-thumbnail","hentry","category-chapadao-do-sul"],"_links":{"self":[{"href":"https:\/\/www.ocorreionews.com.br\/acervo-correio\/index.php?rest_route=\/wp\/v2\/posts\/238653","targetHints":{"allow":["GET"]}}],"collection":[{"href":"https:\/\/www.ocorreionews.com.br\/acervo-correio\/index.php?rest_route=\/wp\/v2\/posts"}],"about":[{"href":"https:\/\/www.ocorreionews.com.br\/acervo-correio\/index.php?rest_route=\/wp\/v2\/types\/post"}],"author":[{"embeddable":true,"href":"https:\/\/www.ocorreionews.com.br\/acervo-correio\/index.php?rest_route=\/wp\/v2\/users\/5"}],"replies":[{"embeddable":true,"href":"https:\/\/www.ocorreionews.com.br\/acervo-correio\/index.php?rest_route=%2Fwp%2Fv2%2Fcomments&post=238653"}],"version-history":[{"count":1,"href":"https:\/\/www.ocorreionews.com.br\/acervo-correio\/index.php?rest_route=\/wp\/v2\/posts\/238653\/revisions"}],"predecessor-version":[{"id":238655,"href":"https:\/\/www.ocorreionews.com.br\/acervo-correio\/index.php?rest_route=\/wp\/v2\/posts\/238653\/revisions\/238655"}],"wp:featuredmedia":[{"embeddable":true,"href":"https:\/\/www.ocorreionews.com.br\/acervo-correio\/index.php?rest_route=\/wp\/v2\/media\/238654"}],"wp:attachment":[{"href":"https:\/\/www.ocorreionews.com.br\/acervo-correio\/index.php?rest_route=%2Fwp%2Fv2%2Fmedia&parent=238653"}],"wp:term":[{"taxonomy":"category","embeddable":true,"href":"https:\/\/www.ocorreionews.com.br\/acervo-correio\/index.php?rest_route=%2Fwp%2Fv2%2Fcategories&post=238653"},{"taxonomy":"post_tag","embeddable":true,"href":"https:\/\/www.ocorreionews.com.br\/acervo-correio\/index.php?rest_route=%2Fwp%2Fv2%2Ftags&post=238653"}],"curies":[{"name":"wp","href":"https:\/\/api.w.org\/{rel}","templated":true}]}}