{"id":238792,"date":"2023-05-03T06:57:23","date_gmt":"2023-05-03T10:57:23","guid":{"rendered":"https:\/\/www.ocorreionews.com.br\/acervo-correio\/?p=238792"},"modified":"2023-05-03T08:12:18","modified_gmt":"2023-05-03T12:12:18","slug":"br-158-identificada-a-mulher-vitima-fatal-de-acidente-em-paranaiba","status":"publish","type":"post","link":"https:\/\/www.ocorreionews.com.br\/acervo-correio\/?p=238792","title":{"rendered":"Identificada a mulher v\u00edtima fatal de acidente em Paranaiba"},"content":{"rendered":"<p>Jaine Flores Bela Oliveira dos Santos, de 56 anos,morreu na tarde desta ter\u00e7a-feira (2), ap\u00f3s colidir o carro que conduzia em uma carreta, na BR-158, logo ap\u00f3s o posto da PRF em Parana\u00edba.<\/p>\n<p>O grave acidente ocorreu por volta das 14h, quando Jaine conduzia um Fiat Uno branco e no momento de ultrapassagem bateu de frente com uma carreta nove eixos, ap\u00f3s a colis\u00e3o o Fiat rodou na pista e antigiu Toyota Yaris que tinha quatro passageiros que tiveram pequenas escoria\u00e7\u00f5es.\u00a0 Jaine morreu presa nas ferragens, o condutor da carreta nada sofreu.<\/p>\n<p>A PRF (Pol\u00edcia Rodovi\u00e1ria Federal) controlou o tr\u00e2nsito que ficou lento por cerca de uma hora provocando uma fila enorme na rodovia. O Corpo de Bombeiros de Parana\u00edba atendeu \u00e0 ocorr\u00eancia. A Per\u00edcia T\u00e9cnica tamb\u00e9m esteve no local.<\/p>\n<p><a href=\"https:\/\/www.ocorreionews.com.br\/acervo-correio\/wp-content\/uploads\/2023\/05\/acidente-jaine.webp\"><img loading=\"lazy\" decoding=\"async\" class=\"alignnone size-full wp-image-238801\" src=\"https:\/\/www.ocorreionews.com.br\/acervo-correio\/wp-content\/uploads\/2023\/05\/acidente-jaine.webp\" alt=\"\" width=\"696\" height=\"533\" srcset=\"https:\/\/www.ocorreionews.com.br\/acervo-correio\/wp-content\/uploads\/2023\/05\/acidente-jaine.webp 696w, https:\/\/www.ocorreionews.com.br\/acervo-correio\/wp-content\/uploads\/2023\/05\/acidente-jaine-300x230.webp 300w\" sizes=\"auto, (max-width: 696px) 100vw, 696px\" \/><\/a> <a href=\"https:\/\/www.ocorreionews.com.br\/acervo-correio\/wp-content\/uploads\/2023\/05\/acidente-jaine-3.webp\"><img loading=\"lazy\" decoding=\"async\" class=\"alignnone size-full wp-image-238800\" src=\"https:\/\/www.ocorreionews.com.br\/acervo-correio\/wp-content\/uploads\/2023\/05\/acidente-jaine-3.webp\" alt=\"\" width=\"696\" height=\"391\" srcset=\"https:\/\/www.ocorreionews.com.br\/acervo-correio\/wp-content\/uploads\/2023\/05\/acidente-jaine-3.webp 696w, https:\/\/www.ocorreionews.com.br\/acervo-correio\/wp-content\/uploads\/2023\/05\/acidente-jaine-3-300x169.webp 300w\" sizes=\"auto, (max-width: 696px) 100vw, 696px\" \/><\/a> <a href=\"https:\/\/www.ocorreionews.com.br\/acervo-correio\/wp-content\/uploads\/2023\/05\/acidente-jaine-2.webp\"><img loading=\"lazy\" decoding=\"async\" class=\"alignnone size-full wp-image-238799\" src=\"https:\/\/www.ocorreionews.com.br\/acervo-correio\/wp-content\/uploads\/2023\/05\/acidente-jaine-2.webp\" alt=\"\" width=\"696\" height=\"635\" srcset=\"https:\/\/www.ocorreionews.com.br\/acervo-correio\/wp-content\/uploads\/2023\/05\/acidente-jaine-2.webp 696w, https:\/\/www.ocorreionews.com.br\/acervo-correio\/wp-content\/uploads\/2023\/05\/acidente-jaine-2-300x274.webp 300w\" sizes=\"auto, (max-width: 696px) 100vw, 696px\" \/><\/a><\/p>\n<p>* Com informa\u00e7\u00f5es e fotos siteTribuna Livre<\/p>\n","protected":false},"excerpt":{"rendered":"<p>Jaine Flores Bela Oliveira dos Santos, de 56 anos,morreu na tarde desta ter\u00e7a-feira (2), ap\u00f3s colidir o carro que conduzia em uma carreta, na BR-158, logo ap\u00f3s o posto da PRF em Parana\u00edba. O grave acidente ocorreu por volta das 14h, quando Jaine conduzia um Fiat Uno branco e no momento de ultrapassagem bateu de [&hellip;]<\/p>\n","protected":false},"author":4,"featured_media":238793,"comment_status":"closed","ping_status":"closed","sticky":false,"template":"","format":"standard","meta":{"footnotes":""},"categories":[38],"tags":[],"class_list":["post-238792","post","type-post","status-publish","format-standard","has-post-thumbnail","hentry","category-policia"],"_links":{"self":[{"href":"https:\/\/www.ocorreionews.com.br\/acervo-correio\/index.php?rest_route=\/wp\/v2\/posts\/238792","targetHints":{"allow":["GET"]}}],"collection":[{"href":"https:\/\/www.ocorreionews.com.br\/acervo-correio\/index.php?rest_route=\/wp\/v2\/posts"}],"about":[{"href":"https:\/\/www.ocorreionews.com.br\/acervo-correio\/index.php?rest_route=\/wp\/v2\/types\/post"}],"author":[{"embeddable":true,"href":"https:\/\/www.ocorreionews.com.br\/acervo-correio\/index.php?rest_route=\/wp\/v2\/users\/4"}],"replies":[{"embeddable":true,"href":"https:\/\/www.ocorreionews.com.br\/acervo-correio\/index.php?rest_route=%2Fwp%2Fv2%2Fcomments&post=238792"}],"version-history":[{"count":1,"href":"https:\/\/www.ocorreionews.com.br\/acervo-correio\/index.php?rest_route=\/wp\/v2\/posts\/238792\/revisions"}],"predecessor-version":[{"id":238803,"href":"https:\/\/www.ocorreionews.com.br\/acervo-correio\/index.php?rest_route=\/wp\/v2\/posts\/238792\/revisions\/238803"}],"wp:featuredmedia":[{"embeddable":true,"href":"https:\/\/www.ocorreionews.com.br\/acervo-correio\/index.php?rest_route=\/wp\/v2\/media\/238793"}],"wp:attachment":[{"href":"https:\/\/www.ocorreionews.com.br\/acervo-correio\/index.php?rest_route=%2Fwp%2Fv2%2Fmedia&parent=238792"}],"wp:term":[{"taxonomy":"category","embeddable":true,"href":"https:\/\/www.ocorreionews.com.br\/acervo-correio\/index.php?rest_route=%2Fwp%2Fv2%2Fcategories&post=238792"},{"taxonomy":"post_tag","embeddable":true,"href":"https:\/\/www.ocorreionews.com.br\/acervo-correio\/index.php?rest_route=%2Fwp%2Fv2%2Ftags&post=238792"}],"curies":[{"name":"wp","href":"https:\/\/api.w.org\/{rel}","templated":true}]}}