{"id":238805,"date":"2023-05-03T09:20:45","date_gmt":"2023-05-03T13:20:45","guid":{"rendered":"https:\/\/www.ocorreionews.com.br\/acervo-correio\/?p=238805"},"modified":"2023-05-03T09:20:45","modified_gmt":"2023-05-03T13:20:45","slug":"dois-homens-sao-presos-apos-furtarem-celular-de-adolescente-em-praca-de-chapadao-do-sul","status":"publish","type":"post","link":"https:\/\/www.ocorreionews.com.br\/acervo-correio\/?p=238805","title":{"rendered":"Dois homens s\u00e3o presos ap\u00f3s furtarem celular de adolescente em Pra\u00e7a de Chapad\u00e3o do Sul"},"content":{"rendered":"<p>No final da tarde desta ter\u00e7a-feira (02), dois homens foram presos em flagrantes ap\u00f3s furtarem o celular de um adolescente na Pra\u00e7a de Eventos no Centro de Chapad\u00e3o do Sul.<\/p>\n<p>De acordo com informa\u00e7\u00f5es do Boletim de Ocorr\u00eancia, por volta das 18 horas, a Policia Militar foi acionada para atender uma ocorr\u00eancia de furto, , onde a \u00a0vitima \u00a0um adolescente de 17 anos, estava na Pra\u00e7a de Eventos com a namorada quando percebeu que havia sido furtado o seu celular modelo XIAOMI\/Redmi note 6 pro.<\/p>\n<p>O adolescente passou aos militares as caracter\u00edsticas dos autores que logo deu inicio as buscas a fins de encontra-los.<\/p>\n<p>Pouco tempo depois os autores foram encontrados, ap\u00f3s realizar a pris\u00e3o do primeiro autor de 41 anos o segundo de 34 anos foi avistado e com ele estava o aparelho celular da v\u00edtima, ele, no entanto agiu de forma alterada sendo preciso o uso da for\u00e7a para cont\u00ea-lo.<\/p>\n<p>Diante dos fatos os indiv\u00edduos foram presos em flagrante e encaminhado a delegacia de policia para que fossem tomadas as devidas providencias.<\/p>\n","protected":false},"excerpt":{"rendered":"<p>No final da tarde desta ter\u00e7a-feira (02), dois homens foram presos em flagrantes ap\u00f3s furtarem o celular de um adolescente na Pra\u00e7a de Eventos no Centro de Chapad\u00e3o do Sul. De acordo com informa\u00e7\u00f5es do Boletim de Ocorr\u00eancia, por volta das 18 horas, a Policia Militar foi acionada para atender uma ocorr\u00eancia de furto, , [&hellip;]<\/p>\n","protected":false},"author":5,"featured_media":132952,"comment_status":"closed","ping_status":"closed","sticky":false,"template":"","format":"standard","meta":{"footnotes":""},"categories":[23,38],"tags":[],"class_list":["post-238805","post","type-post","status-publish","format-standard","has-post-thumbnail","hentry","category-chapadao-do-sul","category-policia"],"_links":{"self":[{"href":"https:\/\/www.ocorreionews.com.br\/acervo-correio\/index.php?rest_route=\/wp\/v2\/posts\/238805","targetHints":{"allow":["GET"]}}],"collection":[{"href":"https:\/\/www.ocorreionews.com.br\/acervo-correio\/index.php?rest_route=\/wp\/v2\/posts"}],"about":[{"href":"https:\/\/www.ocorreionews.com.br\/acervo-correio\/index.php?rest_route=\/wp\/v2\/types\/post"}],"author":[{"embeddable":true,"href":"https:\/\/www.ocorreionews.com.br\/acervo-correio\/index.php?rest_route=\/wp\/v2\/users\/5"}],"replies":[{"embeddable":true,"href":"https:\/\/www.ocorreionews.com.br\/acervo-correio\/index.php?rest_route=%2Fwp%2Fv2%2Fcomments&post=238805"}],"version-history":[{"count":1,"href":"https:\/\/www.ocorreionews.com.br\/acervo-correio\/index.php?rest_route=\/wp\/v2\/posts\/238805\/revisions"}],"predecessor-version":[{"id":238807,"href":"https:\/\/www.ocorreionews.com.br\/acervo-correio\/index.php?rest_route=\/wp\/v2\/posts\/238805\/revisions\/238807"}],"wp:featuredmedia":[{"embeddable":true,"href":"https:\/\/www.ocorreionews.com.br\/acervo-correio\/index.php?rest_route=\/wp\/v2\/media\/132952"}],"wp:attachment":[{"href":"https:\/\/www.ocorreionews.com.br\/acervo-correio\/index.php?rest_route=%2Fwp%2Fv2%2Fmedia&parent=238805"}],"wp:term":[{"taxonomy":"category","embeddable":true,"href":"https:\/\/www.ocorreionews.com.br\/acervo-correio\/index.php?rest_route=%2Fwp%2Fv2%2Fcategories&post=238805"},{"taxonomy":"post_tag","embeddable":true,"href":"https:\/\/www.ocorreionews.com.br\/acervo-correio\/index.php?rest_route=%2Fwp%2Fv2%2Ftags&post=238805"}],"curies":[{"name":"wp","href":"https:\/\/api.w.org\/{rel}","templated":true}]}}