{"id":238809,"date":"2023-05-03T12:58:46","date_gmt":"2023-05-03T16:58:46","guid":{"rendered":"https:\/\/www.ocorreionews.com.br\/acervo-correio\/?p=238809"},"modified":"2023-05-03T12:58:46","modified_gmt":"2023-05-03T16:58:46","slug":"vereadores-iniciam-simbolicamente-a-campanha-maio-laranja","status":"publish","type":"post","link":"https:\/\/www.ocorreionews.com.br\/acervo-correio\/?p=238809","title":{"rendered":"Vereadores iniciam, simbolicamente, a campanha Maio Laranja"},"content":{"rendered":"<p class=\"x_MsoNormal\">Na manh\u00e3 do dia 02 de maio alguns vereadores executaram uma a\u00e7\u00e3o em frente ao pr\u00e9dio da C\u00e2mara Municipal de Alcin\u00f3polis e demonstraram, de forma simb\u00f3lica, todo o apoio a uma campanha que \u00e9 trabalhada em todo o pa\u00eds desde 2000. O Maio Laranja d\u00e1 luz ao combate ao abuso e explora\u00e7\u00e3o sexual de crian\u00e7as e adolescentes.<\/p>\n<p class=\"x_MsoNormal\">Al\u00e9m de propor discuss\u00f5es e participar de debates, os vereadores colocaram no gramado a flor amarela, que \u00e9 o s\u00edmbolo da Campanha, por representar a inoc\u00eancia e pureza infantil, e permanecer\u00e3o ali durante todo o m\u00eas.<\/p>\n<p class=\"x_MsoNormal\">Algumas a\u00e7\u00f5es informativas ser\u00e3o desenvolvidas durante todo o m\u00eas, virtualmente, para que a popula\u00e7\u00e3o compreenda a fundo a import\u00e2ncia desta campanha.<\/p>\n<p class=\"x_MsoNormal\"><b> <a href=\"https:\/\/www.ocorreionews.com.br\/acervo-correio\/wp-content\/uploads\/2023\/05\/CAMPANHA-MAIO-AMARELO2-scaled.jpg\"><img loading=\"lazy\" decoding=\"async\" class=\"alignnone size-full wp-image-238811\" src=\"https:\/\/www.ocorreionews.com.br\/acervo-correio\/wp-content\/uploads\/2023\/05\/CAMPANHA-MAIO-AMARELO2-scaled.jpg\" alt=\"\" width=\"2560\" height=\"1707\" srcset=\"https:\/\/www.ocorreionews.com.br\/acervo-correio\/wp-content\/uploads\/2023\/05\/CAMPANHA-MAIO-AMARELO2-scaled.jpg 2560w, https:\/\/www.ocorreionews.com.br\/acervo-correio\/wp-content\/uploads\/2023\/05\/CAMPANHA-MAIO-AMARELO2-300x200.jpg 300w, https:\/\/www.ocorreionews.com.br\/acervo-correio\/wp-content\/uploads\/2023\/05\/CAMPANHA-MAIO-AMARELO2-1024x683.jpg 1024w, https:\/\/www.ocorreionews.com.br\/acervo-correio\/wp-content\/uploads\/2023\/05\/CAMPANHA-MAIO-AMARELO2-768x512.jpg 768w, https:\/\/www.ocorreionews.com.br\/acervo-correio\/wp-content\/uploads\/2023\/05\/CAMPANHA-MAIO-AMARELO2-1536x1024.jpg 1536w, https:\/\/www.ocorreionews.com.br\/acervo-correio\/wp-content\/uploads\/2023\/05\/CAMPANHA-MAIO-AMARELO2-2048x1365.jpg 2048w\" sizes=\"auto, (max-width: 2560px) 100vw, 2560px\" \/><\/a><\/b><\/p>\n<p class=\"x_MsoNormal\"><b>O CASO<\/b><\/p>\n<p class=\"x_MsoNormal\">Em 18 de maio de 1973, uma menina de oito anos de idade foi sequestrada, drogada, violentada sexualmente e assassinada, em Vit\u00f3ria \u2013 ES. Em 1991, os r\u00e9us acusados de matar a menina foram absolvidos e o crime permanece impune at\u00e9 hoje.<\/p>\n<p class=\"x_MsoNormal\">Foi ent\u00e3o que algumas entidades come\u00e7aram a mobilizar-se e surgiu a ideia de criar o Dia Nacional desta campanha que, oficialmente, \u00e9 lembrado na data da morte da menina. Foi a partir da\u00ed que surgiu a Campanha Fa\u00e7a Bonito, e o Maio Laranja, que t\u00eam como objetivo mostrar \u00e0 sociedade que proteger nossas crian\u00e7as e adolescentes \u00e9 compromisso coletivo, bem como cuidar para que a popula\u00e7\u00e3o infanto-juvenil tenha uma vida plena e com garantia do direito ao desenvolvimento sexual saud\u00e1vel sem viol\u00eancia.<\/p>\n<p class=\"x_MsoNormal\" aria-hidden=\"true\">\n<p class=\"x_MsoNormal\"><i>&#8212;<\/i><\/p>\n<p class=\"x_MsoNormal\"><i>C\u00e2mara Municipal de Alcin\u00f3polis \u2013 MS<\/i><\/p>\n<p class=\"x_MsoNormal\"><i>Assessoria de Comunica\u00e7\u00e3o \u2013 ASCOM<\/i><\/p>\n<p class=\"x_MsoNormal\"><i>Jornalista Bruna Souza<\/i><\/p>\n","protected":false},"excerpt":{"rendered":"<p>Na manh\u00e3 do dia 02 de maio alguns vereadores executaram uma a\u00e7\u00e3o em frente ao pr\u00e9dio da C\u00e2mara Municipal de Alcin\u00f3polis e demonstraram, de forma simb\u00f3lica, todo o apoio a uma campanha que \u00e9 trabalhada em todo o pa\u00eds desde 2000. O Maio Laranja d\u00e1 luz ao combate ao abuso e explora\u00e7\u00e3o sexual de crian\u00e7as [&hellip;]<\/p>\n","protected":false},"author":4,"featured_media":238810,"comment_status":"closed","ping_status":"closed","sticky":false,"template":"","format":"standard","meta":{"footnotes":""},"categories":[18,20],"tags":[],"class_list":["post-238809","post","type-post","status-publish","format-standard","has-post-thumbnail","hentry","category-alcinopolis","category-camara-municipal"],"_links":{"self":[{"href":"https:\/\/www.ocorreionews.com.br\/acervo-correio\/index.php?rest_route=\/wp\/v2\/posts\/238809","targetHints":{"allow":["GET"]}}],"collection":[{"href":"https:\/\/www.ocorreionews.com.br\/acervo-correio\/index.php?rest_route=\/wp\/v2\/posts"}],"about":[{"href":"https:\/\/www.ocorreionews.com.br\/acervo-correio\/index.php?rest_route=\/wp\/v2\/types\/post"}],"author":[{"embeddable":true,"href":"https:\/\/www.ocorreionews.com.br\/acervo-correio\/index.php?rest_route=\/wp\/v2\/users\/4"}],"replies":[{"embeddable":true,"href":"https:\/\/www.ocorreionews.com.br\/acervo-correio\/index.php?rest_route=%2Fwp%2Fv2%2Fcomments&post=238809"}],"version-history":[{"count":1,"href":"https:\/\/www.ocorreionews.com.br\/acervo-correio\/index.php?rest_route=\/wp\/v2\/posts\/238809\/revisions"}],"predecessor-version":[{"id":238813,"href":"https:\/\/www.ocorreionews.com.br\/acervo-correio\/index.php?rest_route=\/wp\/v2\/posts\/238809\/revisions\/238813"}],"wp:featuredmedia":[{"embeddable":true,"href":"https:\/\/www.ocorreionews.com.br\/acervo-correio\/index.php?rest_route=\/wp\/v2\/media\/238810"}],"wp:attachment":[{"href":"https:\/\/www.ocorreionews.com.br\/acervo-correio\/index.php?rest_route=%2Fwp%2Fv2%2Fmedia&parent=238809"}],"wp:term":[{"taxonomy":"category","embeddable":true,"href":"https:\/\/www.ocorreionews.com.br\/acervo-correio\/index.php?rest_route=%2Fwp%2Fv2%2Fcategories&post=238809"},{"taxonomy":"post_tag","embeddable":true,"href":"https:\/\/www.ocorreionews.com.br\/acervo-correio\/index.php?rest_route=%2Fwp%2Fv2%2Ftags&post=238809"}],"curies":[{"name":"wp","href":"https:\/\/api.w.org\/{rel}","templated":true}]}}