{"id":238814,"date":"2023-05-03T13:10:12","date_gmt":"2023-05-03T17:10:12","guid":{"rendered":"https:\/\/www.ocorreionews.com.br\/acervo-correio\/?p=238814"},"modified":"2023-05-03T13:10:12","modified_gmt":"2023-05-03T17:10:12","slug":"neste-final-de-semana-acontece-a-festa-da-colheita-e-de-nossa-senhora-de-fatima-em-bela-alvorada","status":"publish","type":"post","link":"https:\/\/www.ocorreionews.com.br\/acervo-correio\/?p=238814","title":{"rendered":"Neste final de semana acontece a Festa da Colheita e de Nossa Senhora de F\u00e1tima, em Bela Alvorada"},"content":{"rendered":"<p>Nos dias 06 e 07 de maio, ser\u00e1 realizada a Festa da Colheita e de 11 \u00e0 13 de maio, programa\u00e7\u00e3o religiosa de Nossa Senhora de F\u00e1tima, com uma vasta programa\u00e7\u00e3o, no distrito de Bela Alvorada, munic\u00edpio de Para\u00edso das \u00c1guas.<\/p>\n<p>Confira a programa\u00e7\u00e3o:<\/p>\n<p>06 de maio<\/p>\n<p>20h &#8211;\u00a0 Bail\u00e3o com Alma Serrana e Quermesse<\/p>\n<p>07\u00a0 de maio<\/p>\n<p>11h &#8211; Almo\u00e7o com churrasco <b>(R$ 25,00 por pessoa) <\/b>e bail\u00e3o com Filhos da Terra <b>(Entrada franca)<\/b><\/p>\n<p>de 11 \u00e0 13 de maio &#8211; Programa\u00e7\u00e3o religiosa, missa \u00e0s 19h (MS).<\/p>\n<p>*Entrada gratuita somente nos bailes.<\/p>\n<p>Mais informa\u00e7\u00f5es:\u00a067 9 9985-3809 (Rog\u00e9rio).<\/p>\n<p>Realiza\u00e7\u00e3o: Comunidade Nossa Senhora de F\u00e1tima<\/p>\n<p><img decoding=\"async\" src=\"https:\/\/www.bncnoticias.com.br\/arquivos\/img-uploads\/imagem_101.jpeg\" \/><\/p>\n<p>BNC NOTICIAS<\/p>\n","protected":false},"excerpt":{"rendered":"<p>Nos dias 06 e 07 de maio, ser\u00e1 realizada a Festa da Colheita e de 11 \u00e0 13 de maio, programa\u00e7\u00e3o religiosa de Nossa Senhora de F\u00e1tima, com uma vasta programa\u00e7\u00e3o, no distrito de Bela Alvorada, munic\u00edpio de Para\u00edso das \u00c1guas. Confira a programa\u00e7\u00e3o: 06 de maio 20h &#8211;\u00a0 Bail\u00e3o com Alma Serrana e Quermesse [&hellip;]<\/p>\n","protected":false},"author":4,"featured_media":238816,"comment_status":"closed","ping_status":"closed","sticky":false,"template":"","format":"standard","meta":{"footnotes":""},"categories":[41,36],"tags":[],"class_list":["post-238814","post","type-post","status-publish","format-standard","has-post-thumbnail","hentry","category-destaque","category-paraiso-das-aguas"],"_links":{"self":[{"href":"https:\/\/www.ocorreionews.com.br\/acervo-correio\/index.php?rest_route=\/wp\/v2\/posts\/238814","targetHints":{"allow":["GET"]}}],"collection":[{"href":"https:\/\/www.ocorreionews.com.br\/acervo-correio\/index.php?rest_route=\/wp\/v2\/posts"}],"about":[{"href":"https:\/\/www.ocorreionews.com.br\/acervo-correio\/index.php?rest_route=\/wp\/v2\/types\/post"}],"author":[{"embeddable":true,"href":"https:\/\/www.ocorreionews.com.br\/acervo-correio\/index.php?rest_route=\/wp\/v2\/users\/4"}],"replies":[{"embeddable":true,"href":"https:\/\/www.ocorreionews.com.br\/acervo-correio\/index.php?rest_route=%2Fwp%2Fv2%2Fcomments&post=238814"}],"version-history":[{"count":1,"href":"https:\/\/www.ocorreionews.com.br\/acervo-correio\/index.php?rest_route=\/wp\/v2\/posts\/238814\/revisions"}],"predecessor-version":[{"id":238818,"href":"https:\/\/www.ocorreionews.com.br\/acervo-correio\/index.php?rest_route=\/wp\/v2\/posts\/238814\/revisions\/238818"}],"wp:featuredmedia":[{"embeddable":true,"href":"https:\/\/www.ocorreionews.com.br\/acervo-correio\/index.php?rest_route=\/wp\/v2\/media\/238816"}],"wp:attachment":[{"href":"https:\/\/www.ocorreionews.com.br\/acervo-correio\/index.php?rest_route=%2Fwp%2Fv2%2Fmedia&parent=238814"}],"wp:term":[{"taxonomy":"category","embeddable":true,"href":"https:\/\/www.ocorreionews.com.br\/acervo-correio\/index.php?rest_route=%2Fwp%2Fv2%2Fcategories&post=238814"},{"taxonomy":"post_tag","embeddable":true,"href":"https:\/\/www.ocorreionews.com.br\/acervo-correio\/index.php?rest_route=%2Fwp%2Fv2%2Ftags&post=238814"}],"curies":[{"name":"wp","href":"https:\/\/api.w.org\/{rel}","templated":true}]}}