{"id":238825,"date":"2023-05-03T14:29:12","date_gmt":"2023-05-03T18:29:12","guid":{"rendered":"https:\/\/www.ocorreionews.com.br\/acervo-correio\/?p=238825"},"modified":"2023-05-03T14:49:10","modified_gmt":"2023-05-03T18:49:10","slug":"reuniao-entre-prefeito-em-exercicio-vereadores-e-representantes-de-pais-buscaram-solucionar-o-transporte-urbano-de-alunos","status":"publish","type":"post","link":"https:\/\/www.ocorreionews.com.br\/acervo-correio\/?p=238825","title":{"rendered":"Reuni\u00e3o entre Prefeito em exerc\u00edcio, vereadores e representantes de pais buscaram solucionar o transporte urbano de alunos"},"content":{"rendered":"<p>Na manh\u00e3 desta quarta-feira (03), aconteceu na Prefeitura Municipal de Chapad\u00e3o do Sul, para o esclarecimento do motivo para o curte no transporte urbano dos alunos e solucionar esta reivindica\u00e7\u00e3o dos pais.<\/p>\n<p>A reuni\u00e3o foi convocada pelo Prefeito em exerc\u00edcio Dr. Jo\u00e3o Buzoli, junto com seu novo Secret\u00e1rio de Governo Felipe Scorsatto, o Diretor do Demutran Pedr\u00e3o, o presidente da C\u00e2mara Municipal Airton \u201cTucano\u201d, os vereadores, Marcelo da Costa, Vanderson Cardoso, Professora Almira, Alline Tontini, Emerson Sapo e Andr\u00e9 dos Anjos al\u00e9m de representantes dos pais de alunos, que buscavam solucionar o corte no transporte p\u00fablico dos alunos.<\/p>\n<p>As autoridades presentes explicaram o motivo pela qual o munic\u00edpio teve que cortar o transporte urbano, com a constru\u00e7\u00e3o da Escola Municipal Manoel de Barros no Bairro Esplanada, por Lei, o mun\u00edcipio n\u00e3o pode mais transportar alunos atrav\u00e9s dos \u00f4nibus escolar, sem que seja criada uma regulamenta\u00e7\u00e3o especifica.<\/p>\n<p>Segundo informa\u00e7\u00f5es divulgadas durante a reuni\u00e3o, o corte do transporte se deu por conta de um pedido da Promotoria de Justi\u00e7a para que o servi\u00e7o fosse interrompido at\u00e9 que fosse regulamentado perante a lei. No entanto, o Poder Executivo garantiu que est\u00e1 trabalhando para encontrar a melhor solu\u00e7\u00e3o para o problema e que est\u00e1 pensando no bem-estar da popula\u00e7\u00e3o.<\/p>\n<p>Mas buscando solucionar esta demanda dos pais, o executivo municipal a partir da pr\u00f3xima segunda-feira (08), ir\u00e1 adequar os hor\u00e1rios dos \u00f4nibus do transporte p\u00fablico, para facilitar a chegada dos alunos nas escolas, fazendo que eles n\u00e3o cheguem com muita anteced\u00eancia e nem em cima do hor\u00e1rio.<\/p>\n<p>Os hor\u00e1rios que sofreram altera\u00e7\u00f5es s\u00e3o os das 5h30min e 6h20min que a partir da pr\u00f3xima segunda-feira passar\u00e3o a ser \u00e0s 5h45min e 6h30min (hor\u00e1rio local) nas tr\u00eas linhas que circulam na cidade<em>.<\/em><\/p>\n<p>Durante v\u00e1rios outros assuntos em rela\u00e7\u00e3o ao transito foi debatido, mas que ser\u00e3o divulgados em breve durante a Campanha do Maio Amarelo nos pr\u00f3ximos dias.<\/p>\n<p><a href=\"https:\/\/www.ocorreionews.com.br\/acervo-correio\/wp-content\/uploads\/2023\/05\/Reuniao-transporte-3.jpg\"><img loading=\"lazy\" decoding=\"async\" class=\"alignnone size-full wp-image-238832\" src=\"https:\/\/www.ocorreionews.com.br\/acervo-correio\/wp-content\/uploads\/2023\/05\/Reuniao-transporte-3.jpg\" alt=\"\" width=\"1600\" height=\"901\" srcset=\"https:\/\/www.ocorreionews.com.br\/acervo-correio\/wp-content\/uploads\/2023\/05\/Reuniao-transporte-3.jpg 1600w, https:\/\/www.ocorreionews.com.br\/acervo-correio\/wp-content\/uploads\/2023\/05\/Reuniao-transporte-3-300x169.jpg 300w, https:\/\/www.ocorreionews.com.br\/acervo-correio\/wp-content\/uploads\/2023\/05\/Reuniao-transporte-3-1024x577.jpg 1024w, https:\/\/www.ocorreionews.com.br\/acervo-correio\/wp-content\/uploads\/2023\/05\/Reuniao-transporte-3-768x432.jpg 768w, https:\/\/www.ocorreionews.com.br\/acervo-correio\/wp-content\/uploads\/2023\/05\/Reuniao-transporte-3-1536x865.jpg 1536w\" sizes=\"auto, (max-width: 1600px) 100vw, 1600px\" \/><\/a> <a href=\"https:\/\/www.ocorreionews.com.br\/acervo-correio\/wp-content\/uploads\/2023\/05\/Reuniao-transporte.jpg\"><img loading=\"lazy\" decoding=\"async\" class=\"alignnone size-full wp-image-238833\" src=\"https:\/\/www.ocorreionews.com.br\/acervo-correio\/wp-content\/uploads\/2023\/05\/Reuniao-transporte.jpg\" alt=\"\" width=\"1600\" height=\"901\" srcset=\"https:\/\/www.ocorreionews.com.br\/acervo-correio\/wp-content\/uploads\/2023\/05\/Reuniao-transporte.jpg 1600w, https:\/\/www.ocorreionews.com.br\/acervo-correio\/wp-content\/uploads\/2023\/05\/Reuniao-transporte-300x169.jpg 300w, https:\/\/www.ocorreionews.com.br\/acervo-correio\/wp-content\/uploads\/2023\/05\/Reuniao-transporte-1024x577.jpg 1024w, https:\/\/www.ocorreionews.com.br\/acervo-correio\/wp-content\/uploads\/2023\/05\/Reuniao-transporte-768x432.jpg 768w, https:\/\/www.ocorreionews.com.br\/acervo-correio\/wp-content\/uploads\/2023\/05\/Reuniao-transporte-1536x865.jpg 1536w\" sizes=\"auto, (max-width: 1600px) 100vw, 1600px\" \/><\/a><\/p>\n","protected":false},"excerpt":{"rendered":"<p>Na manh\u00e3 desta quarta-feira (03), aconteceu na Prefeitura Municipal de Chapad\u00e3o do Sul, para o esclarecimento do motivo para o curte no transporte urbano dos alunos e solucionar esta reivindica\u00e7\u00e3o dos pais. A reuni\u00e3o foi convocada pelo Prefeito em exerc\u00edcio Dr. Jo\u00e3o Buzoli, junto com seu novo Secret\u00e1rio de Governo Felipe Scorsatto, o Diretor do [&hellip;]<\/p>\n","protected":false},"author":5,"featured_media":238831,"comment_status":"closed","ping_status":"closed","sticky":false,"template":"","format":"standard","meta":{"footnotes":""},"categories":[23,41],"tags":[],"class_list":["post-238825","post","type-post","status-publish","format-standard","has-post-thumbnail","hentry","category-chapadao-do-sul","category-destaque"],"_links":{"self":[{"href":"https:\/\/www.ocorreionews.com.br\/acervo-correio\/index.php?rest_route=\/wp\/v2\/posts\/238825","targetHints":{"allow":["GET"]}}],"collection":[{"href":"https:\/\/www.ocorreionews.com.br\/acervo-correio\/index.php?rest_route=\/wp\/v2\/posts"}],"about":[{"href":"https:\/\/www.ocorreionews.com.br\/acervo-correio\/index.php?rest_route=\/wp\/v2\/types\/post"}],"author":[{"embeddable":true,"href":"https:\/\/www.ocorreionews.com.br\/acervo-correio\/index.php?rest_route=\/wp\/v2\/users\/5"}],"replies":[{"embeddable":true,"href":"https:\/\/www.ocorreionews.com.br\/acervo-correio\/index.php?rest_route=%2Fwp%2Fv2%2Fcomments&post=238825"}],"version-history":[{"count":1,"href":"https:\/\/www.ocorreionews.com.br\/acervo-correio\/index.php?rest_route=\/wp\/v2\/posts\/238825\/revisions"}],"predecessor-version":[{"id":238842,"href":"https:\/\/www.ocorreionews.com.br\/acervo-correio\/index.php?rest_route=\/wp\/v2\/posts\/238825\/revisions\/238842"}],"wp:featuredmedia":[{"embeddable":true,"href":"https:\/\/www.ocorreionews.com.br\/acervo-correio\/index.php?rest_route=\/wp\/v2\/media\/238831"}],"wp:attachment":[{"href":"https:\/\/www.ocorreionews.com.br\/acervo-correio\/index.php?rest_route=%2Fwp%2Fv2%2Fmedia&parent=238825"}],"wp:term":[{"taxonomy":"category","embeddable":true,"href":"https:\/\/www.ocorreionews.com.br\/acervo-correio\/index.php?rest_route=%2Fwp%2Fv2%2Fcategories&post=238825"},{"taxonomy":"post_tag","embeddable":true,"href":"https:\/\/www.ocorreionews.com.br\/acervo-correio\/index.php?rest_route=%2Fwp%2Fv2%2Ftags&post=238825"}],"curies":[{"name":"wp","href":"https:\/\/api.w.org\/{rel}","templated":true}]}}