{"id":238826,"date":"2023-05-03T13:46:33","date_gmt":"2023-05-03T17:46:33","guid":{"rendered":"https:\/\/www.ocorreionews.com.br\/acervo-correio\/?p=238826"},"modified":"2023-05-03T15:16:23","modified_gmt":"2023-05-03T19:16:23","slug":"buzolli-demitiu-secretaria-de-saude-e-de-governo-e-nomeou-ex-mara-rubia-e-felipe-scorsato","status":"publish","type":"post","link":"https:\/\/www.ocorreionews.com.br\/acervo-correio\/?p=238826","title":{"rendered":"Buzolli exonerou as secretarias de sa\u00fade e de governo e nomeou ex- Mara Rubia e Felipe Scorsato"},"content":{"rendered":"<p>O Prefeito interino de Chapad\u00e3o do Sul Dr. Jo\u00e3o Roque Buzoli, realizou as primeiras trocas de secretariados do primeiro escal\u00e3o do munic\u00edpio.<\/p>\n<p>A secret\u00e1ria municipal de Sa\u00fade, Val\u00e9ria Lopes dos Santos, foi a primeira exonera\u00e7\u00e3o feita pelo prefeito que ficar\u00e1 no comando da antiga secret\u00e1ria de sa\u00fade Mara R\u00fabia. Para secret\u00e1ria de Governo ser\u00e1 o arquiteto Felipe Scorsatto para atuar junto \u00e0 titular da pasta, Agnes Miler.<\/p>\n<p>Na manh\u00e3 de hoje Buzoli reuniu-se com servidores do CTR para tratar de demandas relativas ao funcionamento deste setor e se inteirar de assuntos ligados ao recolhimento de lixo e entulhos. Ainda hoje tratar\u00e1 de temas ligados \u00e1 sa\u00fade no Hospital Municipal e as modifica\u00e7\u00f5es que pretende implementar no atendimento e demais\u00a0 setores do complexo hospitalar e postos de sa\u00fade nestes 30 dias que ficar\u00e1 respons\u00e1vel pela condu\u00e7\u00e3o administrativa da cidade.<\/p>\n<p>Buzoli tamb\u00e9m se licenciou da condi\u00e7\u00e3o de m\u00e9dico do munic\u00edpio para evitar problemas de incompatibilidade de hor\u00e1rios. Na manh\u00e3 de hoje ele confirmou que n\u00e3o far\u00e1 mais altera\u00e7\u00f5es no secretariado al\u00e9m da mudan\u00e7a de comando na sa\u00fade.<\/p>\n<p>&nbsp;<\/p>\n<figure class=\"wp-block-gallery has-nested-images columns-default is-cropped wp-block-gallery-1 is-layout-flex\">\n<figure class=\"wp-block-image size-large\"><img loading=\"lazy\" decoding=\"async\" class=\"wp-image-55187\" src=\"https:\/\/chapadensenews.com.br\/wp-content\/uploads\/2023\/05\/008-1.jpg\" alt=\"\" width=\"720\" height=\"480\" data-id=\"55187\" \/><\/figure>\n<figure class=\"wp-block-image size-large\"><img loading=\"lazy\" decoding=\"async\" class=\"wp-image-55192\" src=\"https:\/\/chapadensenews.com.br\/wp-content\/uploads\/2023\/05\/003-2.jpg\" alt=\"\" width=\"720\" height=\"480\" data-id=\"55192\" \/><\/figure>\n<figure class=\"wp-block-image size-large\"><img loading=\"lazy\" decoding=\"async\" class=\"wp-image-55197\" src=\"https:\/\/chapadensenews.com.br\/wp-content\/uploads\/2023\/05\/002-1.jpg\" alt=\"\" width=\"720\" height=\"480\" data-id=\"55197\" \/><\/figure>\n<p>&nbsp;<\/p>\n<p>* Chapadense News<\/figure>\n","protected":false},"excerpt":{"rendered":"<p>O Prefeito interino de Chapad\u00e3o do Sul Dr. Jo\u00e3o Roque Buzoli, realizou as primeiras trocas de secretariados do primeiro escal\u00e3o do munic\u00edpio. A secret\u00e1ria municipal de Sa\u00fade, Val\u00e9ria Lopes dos Santos, foi a primeira exonera\u00e7\u00e3o feita pelo prefeito que ficar\u00e1 no comando da antiga secret\u00e1ria de sa\u00fade Mara R\u00fabia. Para secret\u00e1ria de Governo ser\u00e1 o [&hellip;]<\/p>\n","protected":false},"author":4,"featured_media":238781,"comment_status":"closed","ping_status":"closed","sticky":false,"template":"","format":"standard","meta":{"footnotes":""},"categories":[23,41],"tags":[],"class_list":["post-238826","post","type-post","status-publish","format-standard","has-post-thumbnail","hentry","category-chapadao-do-sul","category-destaque"],"_links":{"self":[{"href":"https:\/\/www.ocorreionews.com.br\/acervo-correio\/index.php?rest_route=\/wp\/v2\/posts\/238826","targetHints":{"allow":["GET"]}}],"collection":[{"href":"https:\/\/www.ocorreionews.com.br\/acervo-correio\/index.php?rest_route=\/wp\/v2\/posts"}],"about":[{"href":"https:\/\/www.ocorreionews.com.br\/acervo-correio\/index.php?rest_route=\/wp\/v2\/types\/post"}],"author":[{"embeddable":true,"href":"https:\/\/www.ocorreionews.com.br\/acervo-correio\/index.php?rest_route=\/wp\/v2\/users\/4"}],"replies":[{"embeddable":true,"href":"https:\/\/www.ocorreionews.com.br\/acervo-correio\/index.php?rest_route=%2Fwp%2Fv2%2Fcomments&post=238826"}],"version-history":[{"count":1,"href":"https:\/\/www.ocorreionews.com.br\/acervo-correio\/index.php?rest_route=\/wp\/v2\/posts\/238826\/revisions"}],"predecessor-version":[{"id":238846,"href":"https:\/\/www.ocorreionews.com.br\/acervo-correio\/index.php?rest_route=\/wp\/v2\/posts\/238826\/revisions\/238846"}],"wp:featuredmedia":[{"embeddable":true,"href":"https:\/\/www.ocorreionews.com.br\/acervo-correio\/index.php?rest_route=\/wp\/v2\/media\/238781"}],"wp:attachment":[{"href":"https:\/\/www.ocorreionews.com.br\/acervo-correio\/index.php?rest_route=%2Fwp%2Fv2%2Fmedia&parent=238826"}],"wp:term":[{"taxonomy":"category","embeddable":true,"href":"https:\/\/www.ocorreionews.com.br\/acervo-correio\/index.php?rest_route=%2Fwp%2Fv2%2Fcategories&post=238826"},{"taxonomy":"post_tag","embeddable":true,"href":"https:\/\/www.ocorreionews.com.br\/acervo-correio\/index.php?rest_route=%2Fwp%2Fv2%2Ftags&post=238826"}],"curies":[{"name":"wp","href":"https:\/\/api.w.org\/{rel}","templated":true}]}}