{"id":238835,"date":"2023-05-03T14:43:04","date_gmt":"2023-05-03T18:43:04","guid":{"rendered":"https:\/\/www.ocorreionews.com.br\/acervo-correio\/?p=238835"},"modified":"2023-05-03T15:23:40","modified_gmt":"2023-05-03T19:23:40","slug":"neto-detido-apos-furtar-bolsa-avo-para-trocar-por-drogas-em-costa-rica","status":"publish","type":"post","link":"https:\/\/www.ocorreionews.com.br\/acervo-correio\/?p=238835","title":{"rendered":"Neto detido ap\u00f3s furtar bolsa av\u00f3 para trocar por drogas em Costa Rica"},"content":{"rendered":"<p>Um jovem de 26 anos foi detido pela pol\u00edcia militar ap\u00f3s ele furta a bolsa com os cart\u00f5es de sua av\u00f3 para trocar por entorpecentes em Costa Rica.<\/p>\n<p>De acordo com informa\u00e7\u00f5es do Boletim de Ocorr\u00eancia, na tarde desta ter\u00e7a-feira (02), uma idosa de 76 anos acionou a Pol\u00edcia Militar, informando que seu neto havia furtado sua bolsa e seu celular, mas o mesmo devolveu o celular porem fugiu com sua bolsa onde estava todos os seus cart\u00f5es e documentos pessoais.<\/p>\n<p>Rapidamente a Policia Militar conseguiu localizar o autor e o abordou, o mesmo disse n\u00e3o saber o destino da bolsa. A v\u00edtima alega que possivelmente ele tenha trocado a bolsa por drogas pois n\u00e3o \u00e9 a primeira vez que ele faz isso.<\/p>\n<p>Neto e av\u00f3 foram encaminhados para a Delegacia de Pol\u00edcia para que as devidas provid\u00eancias fossem tomadas.<\/p>\n","protected":false},"excerpt":{"rendered":"<p>Um jovem de 26 anos foi detido pela pol\u00edcia militar ap\u00f3s ele furta a bolsa com os cart\u00f5es de sua av\u00f3 para trocar por entorpecentes em Costa Rica. De acordo com informa\u00e7\u00f5es do Boletim de Ocorr\u00eancia, na tarde desta ter\u00e7a-feira (02), uma idosa de 76 anos acionou a Pol\u00edcia Militar, informando que seu neto havia [&hellip;]<\/p>\n","protected":false},"author":5,"featured_media":230506,"comment_status":"closed","ping_status":"closed","sticky":false,"template":"","format":"standard","meta":{"footnotes":""},"categories":[25,38],"tags":[],"class_list":["post-238835","post","type-post","status-publish","format-standard","has-post-thumbnail","hentry","category-costa-rica","category-policia"],"_links":{"self":[{"href":"https:\/\/www.ocorreionews.com.br\/acervo-correio\/index.php?rest_route=\/wp\/v2\/posts\/238835","targetHints":{"allow":["GET"]}}],"collection":[{"href":"https:\/\/www.ocorreionews.com.br\/acervo-correio\/index.php?rest_route=\/wp\/v2\/posts"}],"about":[{"href":"https:\/\/www.ocorreionews.com.br\/acervo-correio\/index.php?rest_route=\/wp\/v2\/types\/post"}],"author":[{"embeddable":true,"href":"https:\/\/www.ocorreionews.com.br\/acervo-correio\/index.php?rest_route=\/wp\/v2\/users\/5"}],"replies":[{"embeddable":true,"href":"https:\/\/www.ocorreionews.com.br\/acervo-correio\/index.php?rest_route=%2Fwp%2Fv2%2Fcomments&post=238835"}],"version-history":[{"count":1,"href":"https:\/\/www.ocorreionews.com.br\/acervo-correio\/index.php?rest_route=\/wp\/v2\/posts\/238835\/revisions"}],"predecessor-version":[{"id":238848,"href":"https:\/\/www.ocorreionews.com.br\/acervo-correio\/index.php?rest_route=\/wp\/v2\/posts\/238835\/revisions\/238848"}],"wp:featuredmedia":[{"embeddable":true,"href":"https:\/\/www.ocorreionews.com.br\/acervo-correio\/index.php?rest_route=\/wp\/v2\/media\/230506"}],"wp:attachment":[{"href":"https:\/\/www.ocorreionews.com.br\/acervo-correio\/index.php?rest_route=%2Fwp%2Fv2%2Fmedia&parent=238835"}],"wp:term":[{"taxonomy":"category","embeddable":true,"href":"https:\/\/www.ocorreionews.com.br\/acervo-correio\/index.php?rest_route=%2Fwp%2Fv2%2Fcategories&post=238835"},{"taxonomy":"post_tag","embeddable":true,"href":"https:\/\/www.ocorreionews.com.br\/acervo-correio\/index.php?rest_route=%2Fwp%2Fv2%2Ftags&post=238835"}],"curies":[{"name":"wp","href":"https:\/\/api.w.org\/{rel}","templated":true}]}}