{"id":238884,"date":"2023-05-04T08:33:16","date_gmt":"2023-05-04T12:33:16","guid":{"rendered":"https:\/\/www.ocorreionews.com.br\/acervo-correio\/?p=238884"},"modified":"2023-05-04T08:33:16","modified_gmt":"2023-05-04T12:33:16","slug":"menino-e-atropelado-por-onibus-apos-se-assustar-com-briga-de-faca-em-ms","status":"publish","type":"post","link":"https:\/\/www.ocorreionews.com.br\/acervo-correio\/?p=238884","title":{"rendered":"Menino \u00e9 atropelado por \u00f4nibus ap\u00f3s se assustar com briga de faca em MS"},"content":{"rendered":"<p>Um menino de 10 anos foi atropelado por um \u00f4nibus na tarde desta quarta-feira (3), pr\u00f3ximo ao cruzamento da Rua Alexandre Far\u00e1h com a Avenida Afonso Pena, em Campo Grande. O acidente aconteceu ap\u00f3s o menino se assustar com uma briga de faca envolvendo dois moradores em situa\u00e7\u00e3o de rua que estavam no local.<\/p>\n<p>Desesperado, o garoto correu para a rua e foi atingido de frente pelo ve\u00edculo de transporte p\u00fablico. A crian\u00e7a tamb\u00e9m bateu a cabe\u00e7a em outro carro de passeio que estava estacionado.<\/p>\n<p>A irm\u00e3 da v\u00edtima, D\u00e9bora Vit\u00f3ria Moraes Roja Costa, 20 anos, contou ao Campo Grande News que a fam\u00edlia tinha acabado de sair da Igreja Perp\u00e9tuo Socorro quando um dos homens apareceu correndo com um caixote e um fac\u00e3o na m\u00e3o.<\/p>\n<p>\u201cFiquei assustada e fui atr\u00e1s dele para tentar segur\u00e1-lo, mas neste momento um \u00f4nibus passou e acabou atingindo ele antes que eu pudesse alcan\u00e7\u00e1-lo. N\u00e3o tivemos tempo de perceber que havia um carro logo atr\u00e1s dele&#8221;.<\/p>\n<p>D\u00e9bora acrescentou que o segundo morador estava atr\u00e1s da fam\u00edlia e que o agressor teria corrido para atingi-lo.<\/p>\n<p>De acordo com o Corpo de Bombeiros, o estado do garoto \u00e9 grave e inst\u00e1vel. Ele foi encaminhado para a Santa Casa inconsciente, com fratura exposta no cr\u00e2nio e perda de massa encef\u00e1lica. Tamb\u00e9m h\u00e1 possibilidade de hemorragia no \u00f3rg\u00e3o e abd\u00f4men.<\/p>\n<figure style=\"width: 601px\" class=\"wp-caption aligncenter\"><img loading=\"lazy\" decoding=\"async\" class=\"img-fluid\" src=\"https:\/\/cdn6.campograndenews.com.br\/uploads\/noticias\/2023\/05\/03\/264ft932iajo4.jpeg\" sizes=\"auto, (min-width: 1024px) calc(.5 * (100vw - 21.875em)), 100vw\" srcset=\"https:\/\/cdn6.campograndenews.com.br\/uploads\/noticias\/2023\/05\/03\/18c4m1hag9ral.jpeg 1024w, https:\/\/cdn6.campograndenews.com.br\/uploads\/noticias\/2023\/05\/03\/p00uycs768n4.jpeg 640w, https:\/\/cdn6.campograndenews.com.br\/uploads\/noticias\/2023\/05\/03\/264ft932iajo4.jpeg 320w\" alt=\"Mulher tentou ajudar o garoto antes de o Corpo de Bombeiros chegar (Foto: Mylena Fraiha)\" width=\"601\" height=\"338\" \/><figcaption class=\"wp-caption-text\">Mulher tentou ajudar o garoto antes de o Corpo de Bombeiros chegar (Foto: Mylena Fraiha)<\/figcaption><\/figure>\n<p>&nbsp;<\/p>\n<p>S\u00f4nia Aparecida Domingues Pineda, de 57 anos, \u00e9 agente de sa\u00fade e socorreu o garoto no momento da pancada. Ela revelou que estava indo para a novena na igreja quando o sinal abriu e o garoto saiu correndo.<\/p>\n<p>\u201cO \u00f4nibus pegou em cheio na cabe\u00e7a. Eu segurei ele, porque estava sufocando com o sangue, a\u00ed os bombeiros chegaram\u201d. Ela n\u00e3o chegou a ver a briga dos homens. Os dois fugiram do local.<\/p>\n<p>&nbsp;<\/p>\n<p>&nbsp;<\/p>\n<p>Por Nat\u00e1lia Olliver e Mylena Fraiha &#8211; CAMPO GRANDE NEWS<\/p>\n","protected":false},"excerpt":{"rendered":"<p>Um menino de 10 anos foi atropelado por um \u00f4nibus na tarde desta quarta-feira (3), pr\u00f3ximo ao cruzamento da Rua Alexandre Far\u00e1h com a Avenida Afonso Pena, em Campo Grande. O acidente aconteceu ap\u00f3s o menino se assustar com uma briga de faca envolvendo dois moradores em situa\u00e7\u00e3o de rua que estavam no local. Desesperado, [&hellip;]<\/p>\n","protected":false},"author":5,"featured_media":238887,"comment_status":"closed","ping_status":"closed","sticky":false,"template":"","format":"standard","meta":{"footnotes":""},"categories":[38],"tags":[],"class_list":["post-238884","post","type-post","status-publish","format-standard","has-post-thumbnail","hentry","category-policia"],"_links":{"self":[{"href":"https:\/\/www.ocorreionews.com.br\/acervo-correio\/index.php?rest_route=\/wp\/v2\/posts\/238884","targetHints":{"allow":["GET"]}}],"collection":[{"href":"https:\/\/www.ocorreionews.com.br\/acervo-correio\/index.php?rest_route=\/wp\/v2\/posts"}],"about":[{"href":"https:\/\/www.ocorreionews.com.br\/acervo-correio\/index.php?rest_route=\/wp\/v2\/types\/post"}],"author":[{"embeddable":true,"href":"https:\/\/www.ocorreionews.com.br\/acervo-correio\/index.php?rest_route=\/wp\/v2\/users\/5"}],"replies":[{"embeddable":true,"href":"https:\/\/www.ocorreionews.com.br\/acervo-correio\/index.php?rest_route=%2Fwp%2Fv2%2Fcomments&post=238884"}],"version-history":[{"count":1,"href":"https:\/\/www.ocorreionews.com.br\/acervo-correio\/index.php?rest_route=\/wp\/v2\/posts\/238884\/revisions"}],"predecessor-version":[{"id":238888,"href":"https:\/\/www.ocorreionews.com.br\/acervo-correio\/index.php?rest_route=\/wp\/v2\/posts\/238884\/revisions\/238888"}],"wp:featuredmedia":[{"embeddable":true,"href":"https:\/\/www.ocorreionews.com.br\/acervo-correio\/index.php?rest_route=\/wp\/v2\/media\/238887"}],"wp:attachment":[{"href":"https:\/\/www.ocorreionews.com.br\/acervo-correio\/index.php?rest_route=%2Fwp%2Fv2%2Fmedia&parent=238884"}],"wp:term":[{"taxonomy":"category","embeddable":true,"href":"https:\/\/www.ocorreionews.com.br\/acervo-correio\/index.php?rest_route=%2Fwp%2Fv2%2Fcategories&post=238884"},{"taxonomy":"post_tag","embeddable":true,"href":"https:\/\/www.ocorreionews.com.br\/acervo-correio\/index.php?rest_route=%2Fwp%2Fv2%2Ftags&post=238884"}],"curies":[{"name":"wp","href":"https:\/\/api.w.org\/{rel}","templated":true}]}}