{"id":238998,"date":"2023-05-05T13:10:00","date_gmt":"2023-05-05T17:10:00","guid":{"rendered":"https:\/\/www.ocorreionews.com.br\/acervo-correio\/?p=238998"},"modified":"2023-05-05T13:10:00","modified_gmt":"2023-05-05T17:10:00","slug":"ampla-visao-rose-modesto-uma-derrotada-vitoriosa","status":"publish","type":"post","link":"https:\/\/www.ocorreionews.com.br\/acervo-correio\/?p=238998","title":{"rendered":"Ampla Vis\u00e3o &#8211; Rose Modesto: uma derrotada vitoriosa"},"content":{"rendered":"<p><strong><u>\u2018BOLHAS DE SAB\u00c3O\u2019:\u00a0<\/u><\/strong> \u00a0Errado esse crit\u00e9rio de avaliar a atua\u00e7\u00e3o de um parlamentar (em todos os n\u00edveis) pelo seu n\u00famero de projetos \u2013 mesmo que tenham virado leis. E da\u00ed? Elas teriam virado o que mesmo? O que influ\u00edram no dia a dia da comunidade? \u00c9 o aparato burocr\u00e1tico de custo muito caro produzindo \u2018bolhas de sab\u00e3o\u2019 em s\u00e9rie. H\u00e1 excesso de leis e bulas de rem\u00e9dio.<\/p>\n<p><strong><u>VOLTA POR CIMA:<\/u><\/strong> Pol\u00edtica tem esse vi\u00e9s: \u00e0s vezes ganha-se perdendo. \u00c9 o caso da ex-deputada Rose Modesto envolvida na disputa pelo comando do \u2018Uni\u00e3o Brasil\u2019 e que foi contemplada pela Superintend\u00eancia da SUDECO. Se tiver compet\u00eancia Rose poder\u00e1 fazer desta autarquia (or\u00e7amento de R$169,5 milh\u00f5es) um trampolim pol\u00edtico vigoroso.<\/p>\n<div id=\"taboola-mid-article\" class=\"d-print-none my-3\"><\/div>\n<p><strong><u>DETALHES:\u00a0<\/u><\/strong> Cada vez mais nebuloso o quadro do \u2018Uni\u00e3o Brasil\u2019 aqui no MS. V\u00e1rias lideran\u00e7as querem seu comando, com a senadora Soraya Thronicke sendo a opositora ferrenha de Rose. Resta saber se elas fumar\u00e3o o cachimbo da paz rachando esse \u2018bolo\u2019 t\u00e3o desejado pelos pol\u00edticos de plant\u00e3o. Parece que j\u00e1 vi esse filme em algum lugar.<\/p>\n<p><strong><u>RACHADINHAS:<\/u><\/strong> Al\u00e9m de ser marcante na pol\u00edtica ela est\u00e1 presente em v\u00e1rios segmentos de atividade, inclusive no esporte. Conta um experiente colega da cr\u00f4nica esportiva da capital que alguns t\u00e9cnicos de futebol indicam a contrata\u00e7\u00e3o de jogadores sob a condi\u00e7\u00e3o de que esses dividam com eles os sal\u00e1rios. S\u00f3 sacanagem!<\/p>\n<p><strong><u>NADA A PERDER:\u00a0<\/u><\/strong> Enquanto ainda n\u00e3o rufam os tambores, alguns parlamentares afinam a viola\u00a0 para aferir o peso de seus nomes para 2024. N\u00e3o se trata de aventura porque eles n\u00e3o teriam nada a perder como candidatos a prefeito ou a vice. \u00c9 o caso do deputado Lucas de Lima (PDT) que j\u00e1 monitora seu nome nas pesquisas na capital.<\/p>\n<p><strong><u>DEPUTADOS &amp; A\u00c7\u00d5ES:<\/u><\/strong> <strong>Gerson Claro <\/strong>(PP): requer recapeamento no trecho Bela Vista-Caracol; seguro no comando dos trabalhos, sem excessos. \u00a0\u00a0<strong>Roberto Hashioka<\/strong> (Uni\u00e3o Brasil): pontual, objetivo nas tratativas; pedindo \u00e0 Secretaria de Infraestrutura\u00a0 reparos na MS-134 (Nova Andradina-Casa Verde);\u00a0 <strong>Marcio Fernandes <\/strong>(MDB): Virou lei seu projeto isentando\u00a0 do IPVA ve\u00edculos com GNV; decisiva\u00a0 sua emenda de R$200 mil para inaugura\u00e7\u00e3o do CCZ de Sidrol\u00e2ndia; ativo no debate da demarca\u00e7\u00e3o de terras.\u00a0\u00a0\u00a0 <strong>Lucas de Lima <\/strong>(PDT): destinou R$100 mil para compra de ambul\u00e2ncias em Rio Brilhante; pede manuten\u00e7\u00e3o da rede el\u00e9trica de \u00c1guas de Miranda. <strong>Z\u00e9 Teixeira<\/strong> (PP): quer implanta\u00e7\u00e3o de esgoto em bairros de Jatei; melhoria no est\u00e1dio de Itapor\u00e3 e aumento do efetivo policial da cidade e novos equipamentos laboratoriais para a Fupema (Dourados). <strong>Londres Machado<\/strong> (PP): h\u00e1bil nas tratativas das rela\u00e7\u00f5es do Executivo com o Legislativo tem acesso f\u00e1cil aos deputados de todos os partidos. A experi\u00eancia facilita.<strong> Zeca do PT: <\/strong>pede estudo de viabilidade para instala\u00e7\u00e3o de Cl\u00ednica de Hemodi\u00e1lise em Amambai e \u00f4nibus para atender a zona rural de Terenos.<\/p>\n<p><strong><u>FATOR LULA:<\/u><\/strong> H\u00e1 petistas acreditando no potencial da deputada federal Camila Jara para disputar a prefeitura da capital. Lembro: Em 2004 Vander Loubet (PT) obteve s\u00f3 23% dos votos; em 2008 Pedro Teruel (PT) bateu nos 23,23%; em 2012 Vander ficou com 4,87% dos votos; em 2016 Alex do PT obteve m\u00edseros 8.482 votos (1,99%).<\/p>\n<p><strong><u>\u2018NEW FACE\u2019:\u00a0<\/u><\/strong> No sagu\u00e3o da \u2018Alems\u2019 falam do projeto do deputado Vander Loubet (PT) ao Senado: emendas para a capital\/interior e nomea\u00e7\u00f5es para cargos diversos.\u00a0 Ali\u00e1s, ele cuida tamb\u00e9m de sua imagem e ap\u00f3s \u2018suaviza\u00e7\u00e3o facial\u2019 parece rejuvenescido. Mas ele sabe que depender\u00e1 de Lula para \u2018virar a chave\u2019. S\u00f3 a \u2018new face\u2019 n\u00e3o ganha elei\u00e7\u00e3o.<\/p>\n<p><strong><u>DO LEITOR:<\/u><\/strong> \u201cA internet sem controle ou restri\u00e7\u00e3o na democracia faz as vezes de\u00a0 megafone e denuncia abusos dos governantes . Claro, \u00e0 esses, interessam a censura mascarada restringindo a liberdade de express\u00e3o. Nunca \u00e9 demais dizer que j\u00e1 existe legisla\u00e7\u00e3o penal para castigar quem exceder com a pornografia, inj\u00faria, calunia, difama\u00e7\u00e3o, apologia ao crime e afins.\u201d\u00a0 N\u00e3o h\u00e1 puritanismo nessa cruzada do STF. \u201d<\/p>\n<p><strong><u>PERCIVAL PUGGINA: <\/u><\/strong>\u201c\u2026 O PL da Censura \u00e9 a estampa de seus proponentes e defensores: profissionais do ardil, da arrog\u00e2ncia, do estatismo, do libert\u00edc\u00eddio, do autoritarismo e da cria\u00e7\u00e3o de narrativas. \u00c9 sempre a mentira que necessita impor sil\u00eancio \u00e0 Verdade, sua antagonista natural. A Verdade se imp\u00f5e sempre que lhe permitem contrapor-se \u00e0 sua predadora natural\u2026\u201d<\/p>\n<p><strong><u>NA ASSEMBLEIA:\u00a0<\/u> Pedrossian Filho <\/strong>(PSD): tratou da depend\u00eancia qu\u00edmica, do tratamento e o papel do Estado; quer amplo debate sobre a Malha Oeste com audi\u00eancia em Ponta Por\u00e3.\u00a0 <strong>Neno Razuk <\/strong>(PL): pede ao Governo mapeamento de casos de autismo no MS; ativo nas causas sociais.\u00a0 <strong>Antonio Vaz<\/strong> (REP): quer cria\u00e7\u00e3o da frente Parlamentar Crist\u00e3 em Defesa da Familia; aplaudido pela fala na tribuna sobre o Projeto Fake News.\u00a0 <strong>Lia <\/strong>Nogueira (PSDB): pede reparos na rodovia Dourados a Cruzaltina, passando por Vila Formosa e Macauba: critica perda de emendas pela prefeitura de Dourados.\u00a0 <strong>Rafael Tavares<\/strong> (PRTB): cr\u00edtico combativo da politiza\u00e7\u00e3o do ensino nas escolas e dos projetos nacional e local sobre fake news (censura). Sua posi\u00e7\u00e3o \u00e9 clara.\u00a0 <strong>Junior Mochi <\/strong>(MDB): Seu PL amplia a licen\u00e7a paternidade do funcion\u00e1rio p\u00fablico; pede reforma da escola Paulo Sim\u00f5es em Brasil\u00e2ndia; pede constru\u00e7\u00e3o de passeio p\u00fablico (cal\u00e7adas) em frente a Pol\u00edcia Militar e Agenfa em Pedro Gomes.<\/p>\n<p><strong><u>SIMPLES ASSIM:\u00a0<\/u><\/strong> J\u00e1 tem gente se lan\u00e7ando candidato a verean\u00e7a por a\u00ed. Mas recordo que esse votinho n\u00e3o \u00e9 prioridade do eleitor. Essa escolha geralmente n\u00e3o tem crit\u00e9rio relevante. Valem amizade, simpatia e retribui\u00e7\u00e3o de favores. Os esc\u00e2ndalo nas C\u00e2maras \u00a0que tem atra\u00eddo o bra\u00e7o da justi\u00e7a, incentivam o tradicional voto em branco.<\/p>\n<p><strong><u>S\u00caNECA: <\/u><\/strong>\u201cN\u00e3o \u00e9 curto o tempo que temos, mas dele muito perdemos A vida \u00e9 suficientemente longa e com generosidade nos foi dada, para a realiza\u00e7\u00e3o das maiores coisas, se a empregamos bem. Mas, quando ela se esvai no luxo e indiferen\u00e7a, quando n\u00e3o a empregamos em nada de bom, ent\u00e3o, finalmente constrangidos pela fatalidade, sentimos que ela passou por n\u00f3s sem que tiv\u00e9ssemos percebido\u201d.<\/p>\n<p><strong><u>\u2018NOVOS TEMPOS\u2019:<\/u><\/strong>\u00a0 Incrivel a mudan\u00e7a do conceito de trai\u00e7\u00e3o na pol\u00edtica gra\u00e7as a sin\u00f4nimos mais leves. Hoje ela \u00e9 vista como mero fruto da evolu\u00e7\u00e3o social e cultural, liberta\u00e7\u00e3o de dogmas religiosos. As posi\u00e7\u00f5es pol\u00edticas mudaram ancoradas em novos conceitos de democracia. Alguns preferem perder juntos com os amigos, outros optam por vencer mas com ex-advers\u00e1rios.<\/p>\n<p><strong><u>NOTA 10:\u00a0<\/u><\/strong> O engenheiro agr\u00f4nomo Jo\u00e3o C. Krug \u2013 prefeito de Chapad\u00e3o do Sul pela 4\u00aa. vez integra o seleto time do PSDB rumo a novos desafios. Al\u00e9m da excelente gest\u00e3o Krug vem construindo um bom ambiente pol\u00edtico. Atualmente ele est\u00e1 de licen\u00e7a por 30 dias em virtude da cirurgia que se submeteu em Campo Grande recentemente.<\/p>\n<p><strong><u>A\u00c7\u00d5ES &amp; DEPUTADOS<\/u>: Mara Caseiro<\/strong> (PSDB): pede reparos na MS-316 (Para\u00edso das \u00c1guas-Pouco Alto); ativa e sens\u00edvel no combate aos abusos sexuais e feminic\u00eddio. <strong>L\u00eddio Lopes <\/strong>(Patriota): pede ao DNIT quebra-molas na BR-163 (Km 02) perto do frigor\u00edfico de Navira\u00ed; <strong>Professor Rinaldo <\/strong>(PODE): atento as quest\u00f5es da viol\u00eancia crescente nas escolas; atua para o \u00eaxito da sua proposta de emenda coletiva para a APAE. <strong>Jamilson Name <\/strong>(PSDB): homenageou o Clube de Imprensa de MS; pede reparos na MS 316 (Inoc\u00eancia-A. do Taboado); quer no\u00e7\u00f5es de rob\u00f3tica nas escolas estaduais.\u00a0\u00a0 <strong>Jo\u00e3o Matto Grosso <\/strong>(PSDB): integra 4 comiss\u00f5es na Alems; pede na SEILOG asfalto no Jardim Itamarac\u00e1; quer sem\u00e1foros na rotat\u00f3ria da Euler de Azevedo com a Tamandar\u00e9. <strong>Renato C\u00e2mara <\/strong>(MDB): alerta para perda de 57% da superf\u00edcie de \u00e1gua do MS; dedicado as quest\u00f5es do meio ambiente. <strong>Jo\u00e3o H. Catan <\/strong>(PL): defende o princ\u00edpio da liberdade sem censura; cr\u00edtico mordaz do Projeto Fake News de autoria do deputado Pedro Kemp. Ativo nas sess\u00f5es.<\/p>\n<p><strong><u>POSTO AVAN\u00c7ADO:\u00a0<\/u><\/strong> \u00c9 onde se posiciona o deputado Jo\u00e3o J. Catan nas tratativas das elei\u00e7\u00f5es de 2024. Entende que o PL, tem condi\u00e7\u00f5es de n\u00e3o apenas para marcar posi\u00e7\u00e3o como coadjuvante \u2013 mas sim disputar como protagonista. Ao seu estilo Catan se diz disposto inclusive a emprestar seu nome e trabalho como candidato a prefeito de Campo Grande. Merece ser observado.<\/p>\n<p><strong><u>PRAGM\u00c1TICO:\u00a0<\/u><\/strong> Assim era o governador Jos\u00e9 Fragelli (1971\/75). Ao negar cumprir uma promessa de campanha foi lembrado pelo deputado Figueir\u00f3: \u201cGovernador \u2013 mas o senhor prometeu! \u201d E Fragelli emendou: \u201cSe prometi, est\u00e1 desprometido\u201d. O fato mostra que os governantes devem se ater menos \u00e0s promessas e mais a realidade. Foi o ex-deputado Felipe Orro quem relatou-nos o caso.<\/p>\n<p><strong><u>MOTIVA\u00c7\u00c3O:<\/u><\/strong> Oportuno citar a figura emblem\u00e1tica de Fragelli quando segmentos do funcionalismo p\u00fablico batem \u00e0s portas da Assembleia e do Governo para cobrar promessas de campanha do candidato Riedel no que diz respeito a melhoria salarial.\u00a0 N\u00e3o h\u00e1 pessoa mais indicada do que ele para dizer se tem ou n\u00e3o recursos para atender. N\u00e3o ser\u00e1 portanto o primeiro e nem o \u00faltimo a adotar o \u2018desprometido\u2019.<\/p>\n<p><strong><u>NADA A DECLARAR?<\/u><\/strong> A postura da deputada Gleice Jane (PT) na sess\u00e3o da Assembleia Legislativa na \u00faltima quinta feira foi curiosa. Enquanto deputados criticavam a atua\u00e7\u00e3o do CIMI \u2013 aliado ao PT nas invas\u00f5es\u00a0 de terras no MS,\u00a0 ela assistiu a tudo calada. Tida como militante hist\u00f3rica do sindicalismo e da esquerda, esperava-se outro comportamento da nova parlamentar.\u00a0 Ou ser\u00e1 que os tempos ( do PT) s\u00e3o outros?<\/p>\n","protected":false},"excerpt":{"rendered":"<p>\u2018BOLHAS DE SAB\u00c3O\u2019:\u00a0 \u00a0Errado esse crit\u00e9rio de avaliar a atua\u00e7\u00e3o de um parlamentar (em todos os n\u00edveis) pelo seu n\u00famero de projetos \u2013 mesmo que tenham virado leis. E da\u00ed? Elas teriam virado o que mesmo? O que influ\u00edram no dia a dia da comunidade? \u00c9 o aparato burocr\u00e1tico de custo muito caro produzindo \u2018bolhas [&hellip;]<\/p>\n","protected":false},"author":4,"featured_media":172463,"comment_status":"closed","ping_status":"closed","sticky":false,"template":"","format":"standard","meta":{"footnotes":""},"categories":[37],"tags":[],"class_list":["post-238998","post","type-post","status-publish","format-standard","has-post-thumbnail","hentry","category-politica"],"_links":{"self":[{"href":"https:\/\/www.ocorreionews.com.br\/acervo-correio\/index.php?rest_route=\/wp\/v2\/posts\/238998","targetHints":{"allow":["GET"]}}],"collection":[{"href":"https:\/\/www.ocorreionews.com.br\/acervo-correio\/index.php?rest_route=\/wp\/v2\/posts"}],"about":[{"href":"https:\/\/www.ocorreionews.com.br\/acervo-correio\/index.php?rest_route=\/wp\/v2\/types\/post"}],"author":[{"embeddable":true,"href":"https:\/\/www.ocorreionews.com.br\/acervo-correio\/index.php?rest_route=\/wp\/v2\/users\/4"}],"replies":[{"embeddable":true,"href":"https:\/\/www.ocorreionews.com.br\/acervo-correio\/index.php?rest_route=%2Fwp%2Fv2%2Fcomments&post=238998"}],"version-history":[{"count":1,"href":"https:\/\/www.ocorreionews.com.br\/acervo-correio\/index.php?rest_route=\/wp\/v2\/posts\/238998\/revisions"}],"predecessor-version":[{"id":239010,"href":"https:\/\/www.ocorreionews.com.br\/acervo-correio\/index.php?rest_route=\/wp\/v2\/posts\/238998\/revisions\/239010"}],"wp:featuredmedia":[{"embeddable":true,"href":"https:\/\/www.ocorreionews.com.br\/acervo-correio\/index.php?rest_route=\/wp\/v2\/media\/172463"}],"wp:attachment":[{"href":"https:\/\/www.ocorreionews.com.br\/acervo-correio\/index.php?rest_route=%2Fwp%2Fv2%2Fmedia&parent=238998"}],"wp:term":[{"taxonomy":"category","embeddable":true,"href":"https:\/\/www.ocorreionews.com.br\/acervo-correio\/index.php?rest_route=%2Fwp%2Fv2%2Fcategories&post=238998"},{"taxonomy":"post_tag","embeddable":true,"href":"https:\/\/www.ocorreionews.com.br\/acervo-correio\/index.php?rest_route=%2Fwp%2Fv2%2Ftags&post=238998"}],"curies":[{"name":"wp","href":"https:\/\/api.w.org\/{rel}","templated":true}]}}