{"id":239018,"date":"2023-05-05T13:28:33","date_gmt":"2023-05-05T17:28:33","guid":{"rendered":"https:\/\/www.ocorreionews.com.br\/acervo-correio\/?p=239018"},"modified":"2023-05-05T13:28:33","modified_gmt":"2023-05-05T17:28:33","slug":"apos-tres-anos-oms-decreta-fim-da-emergencia-de-saude-da-pandemia-de-covid-19","status":"publish","type":"post","link":"https:\/\/www.ocorreionews.com.br\/acervo-correio\/?p=239018","title":{"rendered":"Ap\u00f3s tr\u00eas anos OMS decreta fim da emerg\u00eancia de sa\u00fade da pandemia de covid-19"},"content":{"rendered":"<p>A Organiza\u00e7\u00e3o Mundial da\u00a0Sa\u00fade\u00a0(OMS) declarou nesta sexta-feira, 5, o fim da pandemia do coronav\u00edrus no planeta. O alerta havia sido decretado pela entidade em janeiro de 2020, quando o n\u00famero de casos e mortes come\u00e7ou a explodir na China. &#8220;\u00c9 com grande esperan\u00e7a que declaramos que a covid-19 n\u00e3o \u00e9 mais uma emerg\u00eancia global&#8221;, disse o diretor-geral da OMS, Tedros Adhanom.<\/p>\n<p>Nos \u00faltimos tr\u00eas anos, a doen\u00e7a causada pelo v\u00edrus Sars-CoV-2 provocou mais de 764 milh\u00f5es de casos e 20 milh\u00f5es de infec\u00e7\u00f5es &#8211; especialistas apontam ainda que a quantidade est\u00e1 bastante subnotificada. O Brasil foi um dos pa\u00edses mais afetados pela nova doen\u00e7a.<\/p>\n<p>A altera\u00e7\u00e3o do status foi poss\u00edvel gra\u00e7as ao avan\u00e7o da\u00a0vacina\u00e7\u00e3o\u00a0O desenvolvimento do imunizante, fruto de um esfor\u00e7o cient\u00edfico global sem precedentes, ocorreu em tempo recorde. As primeiras doses come\u00e7aram a ser dadas em dezembro de 2020 &#8211; no Brasil, a aplica\u00e7\u00e3o come\u00e7ou s\u00f3 no m\u00eas seguinte.<\/p>\n<p>Embora a emerg\u00eancia planet\u00e1ria tenha acabado, alerta Adhanom, o surgimento de novas variantes ainda \u00e9 uma preocupa\u00e7\u00e3o.<\/p>\n<p>&nbsp;<\/p>\n<p>*Ag\u00eancia Estado<\/p>\n","protected":false},"excerpt":{"rendered":"<p>A Organiza\u00e7\u00e3o Mundial da\u00a0Sa\u00fade\u00a0(OMS) declarou nesta sexta-feira, 5, o fim da pandemia do coronav\u00edrus no planeta. O alerta havia sido decretado pela entidade em janeiro de 2020, quando o n\u00famero de casos e mortes come\u00e7ou a explodir na China. &#8220;\u00c9 com grande esperan\u00e7a que declaramos que a covid-19 n\u00e3o \u00e9 mais uma emerg\u00eancia global&#8221;, disse [&hellip;]<\/p>\n","protected":false},"author":5,"featured_media":179906,"comment_status":"closed","ping_status":"closed","sticky":false,"template":"","format":"standard","meta":{"footnotes":""},"categories":[39],"tags":[],"class_list":["post-239018","post","type-post","status-publish","format-standard","has-post-thumbnail","hentry","category-saude"],"_links":{"self":[{"href":"https:\/\/www.ocorreionews.com.br\/acervo-correio\/index.php?rest_route=\/wp\/v2\/posts\/239018","targetHints":{"allow":["GET"]}}],"collection":[{"href":"https:\/\/www.ocorreionews.com.br\/acervo-correio\/index.php?rest_route=\/wp\/v2\/posts"}],"about":[{"href":"https:\/\/www.ocorreionews.com.br\/acervo-correio\/index.php?rest_route=\/wp\/v2\/types\/post"}],"author":[{"embeddable":true,"href":"https:\/\/www.ocorreionews.com.br\/acervo-correio\/index.php?rest_route=\/wp\/v2\/users\/5"}],"replies":[{"embeddable":true,"href":"https:\/\/www.ocorreionews.com.br\/acervo-correio\/index.php?rest_route=%2Fwp%2Fv2%2Fcomments&post=239018"}],"version-history":[{"count":1,"href":"https:\/\/www.ocorreionews.com.br\/acervo-correio\/index.php?rest_route=\/wp\/v2\/posts\/239018\/revisions"}],"predecessor-version":[{"id":239021,"href":"https:\/\/www.ocorreionews.com.br\/acervo-correio\/index.php?rest_route=\/wp\/v2\/posts\/239018\/revisions\/239021"}],"wp:featuredmedia":[{"embeddable":true,"href":"https:\/\/www.ocorreionews.com.br\/acervo-correio\/index.php?rest_route=\/wp\/v2\/media\/179906"}],"wp:attachment":[{"href":"https:\/\/www.ocorreionews.com.br\/acervo-correio\/index.php?rest_route=%2Fwp%2Fv2%2Fmedia&parent=239018"}],"wp:term":[{"taxonomy":"category","embeddable":true,"href":"https:\/\/www.ocorreionews.com.br\/acervo-correio\/index.php?rest_route=%2Fwp%2Fv2%2Fcategories&post=239018"},{"taxonomy":"post_tag","embeddable":true,"href":"https:\/\/www.ocorreionews.com.br\/acervo-correio\/index.php?rest_route=%2Fwp%2Fv2%2Ftags&post=239018"}],"curies":[{"name":"wp","href":"https:\/\/api.w.org\/{rel}","templated":true}]}}