{"id":239036,"date":"2023-05-06T06:04:34","date_gmt":"2023-05-06T10:04:34","guid":{"rendered":"https:\/\/www.ocorreionews.com.br\/acervo-correio\/?p=239036"},"modified":"2023-05-05T16:30:43","modified_gmt":"2023-05-05T20:30:43","slug":"secretaria-de-educacao-inaugura-parque-naturalizado-na-praca-da-biblia","status":"publish","type":"post","link":"https:\/\/www.ocorreionews.com.br\/acervo-correio\/?p=239036","title":{"rendered":"Secretaria de Educa\u00e7\u00e3o Inaugura Parque Naturalizado na Pra\u00e7a da B\u00edblia"},"content":{"rendered":"<div class=\"x11i5rnm xat24cr x1mh8g0r x1vvkbs xtlvy1s x126k92a\">\n<div dir=\"auto\">Secretaria de Educa\u00e7\u00e3o inaugurou o primeiro Parque Naturalizado, na Pra\u00e7a da B\u00edblia.\u00a0O Projeto \u201cParques Naturalizados\u201d faze parte do Programa da Urban 95, onde Alcin\u00f3polis \u00e9 a \u00fanica representante do Estado de Mato Grosso do Sul e do Centro Oeste.<\/div>\n<div dir=\"auto\"><\/div>\n<div dir=\"auto\">A Urban 95 \u00e9 um Projeto de Planejamento Urbano com Foco na Primeira Inf\u00e2ncia, que tem o compromisso de criar e fortalecer espa\u00e7os urbanos, programas e servi\u00e7os com foco na primeira inf\u00e2ncia.<\/div>\n<div dir=\"auto\"><\/div>\n<div dir=\"auto\">O especialista em Parques Naturalizados, Guilherme Blauth, esteve em nosso mun\u00edcipio, durante toda essa semana, onde se reuniu com as equipes das Secretarias de Educa\u00e7\u00e3o, Obras e Desenvolvimento, onde apresentou propostas e projetos para a constru\u00e7\u00e3o de parques.<\/div>\n<div dir=\"auto\"><\/div>\n<div dir=\"auto\">Os parques naturalizados s\u00e3o espa\u00e7os desenvolvidos com elementos naturais e tem como principal objetivo promover a intera\u00e7\u00e3o entre as crian\u00e7as e a natureza, estimulando as brincadeiras, a conviv\u00eancia, a criatividade e o aprendizado.<\/div>\n<div dir=\"auto\">Participaram do lan\u00e7amento os alunos do CMEI e EMAC (pr\u00e9 II e 1\u00ba ano), professores, diretores, coordenadores, monitores e servidores municipais.<\/div>\n<div dir=\"auto\"><\/div>\n<div dir=\"auto\">Estiveram presentes:<\/div>\n<div dir=\"auto\"><\/div>\n<div dir=\"auto\">Prefeito: Dalmy Cris\u00f3stomo da Silva;<\/div>\n<div dir=\"auto\">Vice-prefeito: Valter Roniz;<\/div>\n<div dir=\"auto\">Especialista em Parques Naturalizados: Guilherme Blauth;<\/div>\n<div dir=\"auto\">Secret\u00e1rio de Educa\u00e7\u00e3o: Jesus Aparecido;<\/div>\n<div dir=\"auto\">Secret\u00e1rio de Desenvolvimento: Nahur Tito;<\/div>\n<div dir=\"auto\">Secret\u00e1rio de Assist\u00eancia Social: Alo\u00edsio Martins;<\/div>\n<div dir=\"auto\">Vereadores: Ademir M\u00fcller, Evaldo Furtado, Rosangela Campos;<\/div>\n<div dir=\"auto\">2\u00ba Sargento: Comandante Luiz C\u00e9sar Ferreira de Melo.<\/div>\n<div dir=\"auto\"><a href=\"https:\/\/www.ocorreionews.com.br\/acervo-correio\/wp-content\/uploads\/2023\/05\/parque-biblia-2.jpg\"><img loading=\"lazy\" decoding=\"async\" class=\"alignnone size-full wp-image-239039\" src=\"https:\/\/www.ocorreionews.com.br\/acervo-correio\/wp-content\/uploads\/2023\/05\/parque-biblia-2.jpg\" alt=\"\" width=\"2048\" height=\"1365\" srcset=\"https:\/\/www.ocorreionews.com.br\/acervo-correio\/wp-content\/uploads\/2023\/05\/parque-biblia-2.jpg 2048w, https:\/\/www.ocorreionews.com.br\/acervo-correio\/wp-content\/uploads\/2023\/05\/parque-biblia-2-300x200.jpg 300w, https:\/\/www.ocorreionews.com.br\/acervo-correio\/wp-content\/uploads\/2023\/05\/parque-biblia-2-1024x683.jpg 1024w, https:\/\/www.ocorreionews.com.br\/acervo-correio\/wp-content\/uploads\/2023\/05\/parque-biblia-2-768x512.jpg 768w, https:\/\/www.ocorreionews.com.br\/acervo-correio\/wp-content\/uploads\/2023\/05\/parque-biblia-2-1536x1024.jpg 1536w\" sizes=\"auto, (max-width: 2048px) 100vw, 2048px\" \/><\/a> <a href=\"https:\/\/www.ocorreionews.com.br\/acervo-correio\/wp-content\/uploads\/2023\/05\/parque-biblia-3.jpg\"><img loading=\"lazy\" decoding=\"async\" class=\"alignnone size-full wp-image-239040\" src=\"https:\/\/www.ocorreionews.com.br\/acervo-correio\/wp-content\/uploads\/2023\/05\/parque-biblia-3.jpg\" alt=\"\" width=\"2048\" height=\"1365\" srcset=\"https:\/\/www.ocorreionews.com.br\/acervo-correio\/wp-content\/uploads\/2023\/05\/parque-biblia-3.jpg 2048w, https:\/\/www.ocorreionews.com.br\/acervo-correio\/wp-content\/uploads\/2023\/05\/parque-biblia-3-300x200.jpg 300w, https:\/\/www.ocorreionews.com.br\/acervo-correio\/wp-content\/uploads\/2023\/05\/parque-biblia-3-1024x683.jpg 1024w, https:\/\/www.ocorreionews.com.br\/acervo-correio\/wp-content\/uploads\/2023\/05\/parque-biblia-3-768x512.jpg 768w, https:\/\/www.ocorreionews.com.br\/acervo-correio\/wp-content\/uploads\/2023\/05\/parque-biblia-3-1536x1024.jpg 1536w\" sizes=\"auto, (max-width: 2048px) 100vw, 2048px\" \/><\/a> <a href=\"https:\/\/www.ocorreionews.com.br\/acervo-correio\/wp-content\/uploads\/2023\/05\/parque-biblia-4.jpg\"><img loading=\"lazy\" decoding=\"async\" class=\"alignnone size-full wp-image-239041\" src=\"https:\/\/www.ocorreionews.com.br\/acervo-correio\/wp-content\/uploads\/2023\/05\/parque-biblia-4.jpg\" alt=\"\" width=\"2048\" height=\"1365\" srcset=\"https:\/\/www.ocorreionews.com.br\/acervo-correio\/wp-content\/uploads\/2023\/05\/parque-biblia-4.jpg 2048w, https:\/\/www.ocorreionews.com.br\/acervo-correio\/wp-content\/uploads\/2023\/05\/parque-biblia-4-300x200.jpg 300w, https:\/\/www.ocorreionews.com.br\/acervo-correio\/wp-content\/uploads\/2023\/05\/parque-biblia-4-1024x683.jpg 1024w, https:\/\/www.ocorreionews.com.br\/acervo-correio\/wp-content\/uploads\/2023\/05\/parque-biblia-4-768x512.jpg 768w, https:\/\/www.ocorreionews.com.br\/acervo-correio\/wp-content\/uploads\/2023\/05\/parque-biblia-4-1536x1024.jpg 1536w\" sizes=\"auto, (max-width: 2048px) 100vw, 2048px\" \/><\/a> <a href=\"https:\/\/www.ocorreionews.com.br\/acervo-correio\/wp-content\/uploads\/2023\/05\/parque-biblia-5.jpg\"><img loading=\"lazy\" decoding=\"async\" class=\"alignnone size-full wp-image-239042\" src=\"https:\/\/www.ocorreionews.com.br\/acervo-correio\/wp-content\/uploads\/2023\/05\/parque-biblia-5.jpg\" alt=\"\" width=\"2048\" height=\"1365\" srcset=\"https:\/\/www.ocorreionews.com.br\/acervo-correio\/wp-content\/uploads\/2023\/05\/parque-biblia-5.jpg 2048w, https:\/\/www.ocorreionews.com.br\/acervo-correio\/wp-content\/uploads\/2023\/05\/parque-biblia-5-300x200.jpg 300w, https:\/\/www.ocorreionews.com.br\/acervo-correio\/wp-content\/uploads\/2023\/05\/parque-biblia-5-1024x683.jpg 1024w, https:\/\/www.ocorreionews.com.br\/acervo-correio\/wp-content\/uploads\/2023\/05\/parque-biblia-5-768x512.jpg 768w, https:\/\/www.ocorreionews.com.br\/acervo-correio\/wp-content\/uploads\/2023\/05\/parque-biblia-5-1536x1024.jpg 1536w\" sizes=\"auto, (max-width: 2048px) 100vw, 2048px\" \/><\/a> <a href=\"https:\/\/www.ocorreionews.com.br\/acervo-correio\/wp-content\/uploads\/2023\/05\/parque-biblia-6.jpg\"><img loading=\"lazy\" decoding=\"async\" class=\"alignnone size-full wp-image-239043\" src=\"https:\/\/www.ocorreionews.com.br\/acervo-correio\/wp-content\/uploads\/2023\/05\/parque-biblia-6.jpg\" alt=\"\" width=\"2048\" height=\"1365\" srcset=\"https:\/\/www.ocorreionews.com.br\/acervo-correio\/wp-content\/uploads\/2023\/05\/parque-biblia-6.jpg 2048w, https:\/\/www.ocorreionews.com.br\/acervo-correio\/wp-content\/uploads\/2023\/05\/parque-biblia-6-300x200.jpg 300w, https:\/\/www.ocorreionews.com.br\/acervo-correio\/wp-content\/uploads\/2023\/05\/parque-biblia-6-1024x683.jpg 1024w, https:\/\/www.ocorreionews.com.br\/acervo-correio\/wp-content\/uploads\/2023\/05\/parque-biblia-6-768x512.jpg 768w, https:\/\/www.ocorreionews.com.br\/acervo-correio\/wp-content\/uploads\/2023\/05\/parque-biblia-6-1536x1024.jpg 1536w\" sizes=\"auto, (max-width: 2048px) 100vw, 2048px\" \/><\/a> <a href=\"https:\/\/www.ocorreionews.com.br\/acervo-correio\/wp-content\/uploads\/2023\/05\/parque-biblia-7.jpg\"><img loading=\"lazy\" decoding=\"async\" class=\"alignnone size-full wp-image-239044\" src=\"https:\/\/www.ocorreionews.com.br\/acervo-correio\/wp-content\/uploads\/2023\/05\/parque-biblia-7.jpg\" alt=\"\" width=\"2048\" height=\"1365\" srcset=\"https:\/\/www.ocorreionews.com.br\/acervo-correio\/wp-content\/uploads\/2023\/05\/parque-biblia-7.jpg 2048w, https:\/\/www.ocorreionews.com.br\/acervo-correio\/wp-content\/uploads\/2023\/05\/parque-biblia-7-300x200.jpg 300w, https:\/\/www.ocorreionews.com.br\/acervo-correio\/wp-content\/uploads\/2023\/05\/parque-biblia-7-1024x683.jpg 1024w, https:\/\/www.ocorreionews.com.br\/acervo-correio\/wp-content\/uploads\/2023\/05\/parque-biblia-7-768x512.jpg 768w, https:\/\/www.ocorreionews.com.br\/acervo-correio\/wp-content\/uploads\/2023\/05\/parque-biblia-7-1536x1024.jpg 1536w\" sizes=\"auto, (max-width: 2048px) 100vw, 2048px\" \/><\/a> <a href=\"https:\/\/www.ocorreionews.com.br\/acervo-correio\/wp-content\/uploads\/2023\/05\/parque-biblia-8.jpg\"><img loading=\"lazy\" decoding=\"async\" class=\"alignnone size-full wp-image-239045\" src=\"https:\/\/www.ocorreionews.com.br\/acervo-correio\/wp-content\/uploads\/2023\/05\/parque-biblia-8.jpg\" alt=\"\" width=\"2048\" height=\"1365\" srcset=\"https:\/\/www.ocorreionews.com.br\/acervo-correio\/wp-content\/uploads\/2023\/05\/parque-biblia-8.jpg 2048w, https:\/\/www.ocorreionews.com.br\/acervo-correio\/wp-content\/uploads\/2023\/05\/parque-biblia-8-300x200.jpg 300w, https:\/\/www.ocorreionews.com.br\/acervo-correio\/wp-content\/uploads\/2023\/05\/parque-biblia-8-1024x683.jpg 1024w, https:\/\/www.ocorreionews.com.br\/acervo-correio\/wp-content\/uploads\/2023\/05\/parque-biblia-8-768x512.jpg 768w, https:\/\/www.ocorreionews.com.br\/acervo-correio\/wp-content\/uploads\/2023\/05\/parque-biblia-8-1536x1024.jpg 1536w\" sizes=\"auto, (max-width: 2048px) 100vw, 2048px\" \/><\/a> <a href=\"https:\/\/www.ocorreionews.com.br\/acervo-correio\/wp-content\/uploads\/2023\/05\/parque-biblia-9.jpg\"><img loading=\"lazy\" decoding=\"async\" class=\"alignnone size-full wp-image-239046\" src=\"https:\/\/www.ocorreionews.com.br\/acervo-correio\/wp-content\/uploads\/2023\/05\/parque-biblia-9.jpg\" alt=\"\" width=\"2048\" height=\"1365\" srcset=\"https:\/\/www.ocorreionews.com.br\/acervo-correio\/wp-content\/uploads\/2023\/05\/parque-biblia-9.jpg 2048w, https:\/\/www.ocorreionews.com.br\/acervo-correio\/wp-content\/uploads\/2023\/05\/parque-biblia-9-300x200.jpg 300w, https:\/\/www.ocorreionews.com.br\/acervo-correio\/wp-content\/uploads\/2023\/05\/parque-biblia-9-1024x683.jpg 1024w, https:\/\/www.ocorreionews.com.br\/acervo-correio\/wp-content\/uploads\/2023\/05\/parque-biblia-9-768x512.jpg 768w, https:\/\/www.ocorreionews.com.br\/acervo-correio\/wp-content\/uploads\/2023\/05\/parque-biblia-9-1536x1024.jpg 1536w\" sizes=\"auto, (max-width: 2048px) 100vw, 2048px\" \/><\/a> <a href=\"https:\/\/www.ocorreionews.com.br\/acervo-correio\/wp-content\/uploads\/2023\/05\/parque-biblia.png\"><img loading=\"lazy\" decoding=\"async\" class=\"alignnone size-full wp-image-239047\" src=\"https:\/\/www.ocorreionews.com.br\/acervo-correio\/wp-content\/uploads\/2023\/05\/parque-biblia.png\" alt=\"\" width=\"2048\" height=\"1365\" srcset=\"https:\/\/www.ocorreionews.com.br\/acervo-correio\/wp-content\/uploads\/2023\/05\/parque-biblia.png 2048w, https:\/\/www.ocorreionews.com.br\/acervo-correio\/wp-content\/uploads\/2023\/05\/parque-biblia-300x200.png 300w, https:\/\/www.ocorreionews.com.br\/acervo-correio\/wp-content\/uploads\/2023\/05\/parque-biblia-1024x683.png 1024w, https:\/\/www.ocorreionews.com.br\/acervo-correio\/wp-content\/uploads\/2023\/05\/parque-biblia-768x512.png 768w, https:\/\/www.ocorreionews.com.br\/acervo-correio\/wp-content\/uploads\/2023\/05\/parque-biblia-1536x1024.png 1536w\" sizes=\"auto, (max-width: 2048px) 100vw, 2048px\" \/><\/a>06<\/div>\n<div dir=\"auto\"><\/div>\n<\/div>\n<div class=\"x11i5rnm xat24cr x1mh8g0r x1vvkbs xtlvy1s x126k92a\">\n<div dir=\"auto\">Fontes\/Fotos: Assecom\/Prefeitura de Alcin\u00f3polis\/Simone Nogueira<\/div>\n<\/div>\n","protected":false},"excerpt":{"rendered":"<p>Secretaria de Educa\u00e7\u00e3o inaugurou o primeiro Parque Naturalizado, na Pra\u00e7a da B\u00edblia.\u00a0O Projeto \u201cParques Naturalizados\u201d faze parte do Programa da Urban 95, onde Alcin\u00f3polis \u00e9 a \u00fanica representante do Estado de Mato Grosso do Sul e do Centro Oeste. A Urban 95 \u00e9 um Projeto de Planejamento Urbano com Foco na Primeira Inf\u00e2ncia, que tem [&hellip;]<\/p>\n","protected":false},"author":4,"featured_media":239043,"comment_status":"closed","ping_status":"closed","sticky":false,"template":"","format":"standard","meta":{"footnotes":""},"categories":[18,41],"tags":[],"class_list":["post-239036","post","type-post","status-publish","format-standard","has-post-thumbnail","hentry","category-alcinopolis","category-destaque"],"_links":{"self":[{"href":"https:\/\/www.ocorreionews.com.br\/acervo-correio\/index.php?rest_route=\/wp\/v2\/posts\/239036","targetHints":{"allow":["GET"]}}],"collection":[{"href":"https:\/\/www.ocorreionews.com.br\/acervo-correio\/index.php?rest_route=\/wp\/v2\/posts"}],"about":[{"href":"https:\/\/www.ocorreionews.com.br\/acervo-correio\/index.php?rest_route=\/wp\/v2\/types\/post"}],"author":[{"embeddable":true,"href":"https:\/\/www.ocorreionews.com.br\/acervo-correio\/index.php?rest_route=\/wp\/v2\/users\/4"}],"replies":[{"embeddable":true,"href":"https:\/\/www.ocorreionews.com.br\/acervo-correio\/index.php?rest_route=%2Fwp%2Fv2%2Fcomments&post=239036"}],"version-history":[{"count":1,"href":"https:\/\/www.ocorreionews.com.br\/acervo-correio\/index.php?rest_route=\/wp\/v2\/posts\/239036\/revisions"}],"predecessor-version":[{"id":239049,"href":"https:\/\/www.ocorreionews.com.br\/acervo-correio\/index.php?rest_route=\/wp\/v2\/posts\/239036\/revisions\/239049"}],"wp:featuredmedia":[{"embeddable":true,"href":"https:\/\/www.ocorreionews.com.br\/acervo-correio\/index.php?rest_route=\/wp\/v2\/media\/239043"}],"wp:attachment":[{"href":"https:\/\/www.ocorreionews.com.br\/acervo-correio\/index.php?rest_route=%2Fwp%2Fv2%2Fmedia&parent=239036"}],"wp:term":[{"taxonomy":"category","embeddable":true,"href":"https:\/\/www.ocorreionews.com.br\/acervo-correio\/index.php?rest_route=%2Fwp%2Fv2%2Fcategories&post=239036"},{"taxonomy":"post_tag","embeddable":true,"href":"https:\/\/www.ocorreionews.com.br\/acervo-correio\/index.php?rest_route=%2Fwp%2Fv2%2Ftags&post=239036"}],"curies":[{"name":"wp","href":"https:\/\/api.w.org\/{rel}","templated":true}]}}