{"id":239048,"date":"2023-05-06T06:29:19","date_gmt":"2023-05-06T10:29:19","guid":{"rendered":"https:\/\/www.ocorreionews.com.br\/acervo-correio\/?p=239048"},"modified":"2023-05-05T16:33:22","modified_gmt":"2023-05-05T20:33:22","slug":"de-15-a-19-de-maio-costa-rica-sedia-a-21a-semana-nacional-de-museus","status":"publish","type":"post","link":"https:\/\/www.ocorreionews.com.br\/acervo-correio\/?p=239048","title":{"rendered":"De 15 a 19 de maio, Costa Rica sedia a 21\u00aa Semana Nacional de Museus"},"content":{"rendered":"<div class=\"ntc_cont_descricao_noticia sw_txteditor\">Em 2023, a SNM (Semana Nacional de Museus) ter\u00e1 como tema &#8220;Museus, sustentabilidade e bem-estar&#8221; e ser\u00e1 um importante avan\u00e7o para a agenda sobre a pauta. A abertura oficial da 21\u00aa SNM em Costa Rica acontecer\u00e1 no dia 15 de maio, juntamente com o Sistema Estadual de Museus de MS e a Rede de Educadores em Museus de MS, e segue at\u00e9 o dia 19 no Museu Interativo Nelson Silva Soares.<\/p>\n<p>O evento contar\u00e1 com uma palestra de abertura com o tema &#8220;Museu inserido na Educa\u00e7\u00e3o Ambiental de Costa Rica&#8221;, ministrada pelo sargento Andr\u00e9 Faustino Dias, coordenador do Projeto Florestinha. Al\u00e9m disso, haver\u00e1 a\u00e7\u00f5es educativas, como apresenta\u00e7\u00f5es do Grupo Florestinha, teatro de fantoches explicando a coleta seletiva e exposi\u00e7\u00e3o de animais taxidermizados com dados sobre o meio ambiente e a vida.<\/p>\n<p>No dia 16, haver\u00e1 uma palestra de Educa\u00e7\u00e3o Ambiental e reciclagem, al\u00e9m de uma palestra com a artes\u00e3 Suely Bento da Cruz. No mesmo dia, haver\u00e1 novamente apresenta\u00e7\u00f5es do Grupo Florestinha, teatro de fantoches e exposi\u00e7\u00e3o de animais taxidermizados.<\/p>\n<p>Entre os dias 17 e 19, haver\u00e1 exibi\u00e7\u00e3o do curta-metragem &#8220;Piper &#8211; Vencendo o medo&#8221; para crian\u00e7as e estudantes. Nos dias 18 e 19 haver\u00e1 exibi\u00e7\u00e3o do mesmo curta-metragem para crian\u00e7as e estudantes.<\/p><\/div>\n<div class=\"ntc_cont_descricao_noticia sw_txteditor\"><a href=\"https:\/\/www.ocorreionews.com.br\/acervo-correio\/wp-content\/uploads\/2023\/05\/semana-do-museus.jpg\"><img loading=\"lazy\" decoding=\"async\" class=\"alignnone size-full wp-image-239050\" src=\"https:\/\/www.ocorreionews.com.br\/acervo-correio\/wp-content\/uploads\/2023\/05\/semana-do-museus.jpg\" alt=\"\" width=\"640\" height=\"800\" srcset=\"https:\/\/www.ocorreionews.com.br\/acervo-correio\/wp-content\/uploads\/2023\/05\/semana-do-museus.jpg 640w, https:\/\/www.ocorreionews.com.br\/acervo-correio\/wp-content\/uploads\/2023\/05\/semana-do-museus-240x300.jpg 240w\" sizes=\"auto, (max-width: 640px) 100vw, 640px\" \/><\/a><\/p>\n<p>J\u00e1 no dia 19 acontecer\u00e1 o VI Encontro da REM-MS com o debate &#8220;Museu inserido na Educa\u00e7\u00e3o Ambiental de Costa Rica &#8211; MS&#8221;. O debate contar\u00e1 com a participa\u00e7\u00e3o de professores renomados, como Maria Ivone da Silva, o subtenente Borges, Comandante da Pol\u00edcia Ambiental de Costa Rica, e Ruth Gon\u00e7alves Oliveira. O evento ser\u00e1 mediado pelo professor Andr\u00e9 da Silva e acontecer\u00e1 no Museu Interativo Nelson Silva Soares, em Costa Rica\/MS.<\/p>\n<p>A entrada para acompanhar a 21\u00aa Semana Nacional de Museus em Costa Rica \u00e9 franca.<\/p>\n<p>Servi\u00e7o:<\/p>\n<p>Museu Interativo Nelson Silva Soares, Rua Ambrosina Paes Coelho, 2.760 \u2013 Ramez Tebet, Costa Rica\/MS.<\/p><\/div>\n<div class=\"ntc_area_info_noticia sw_lato\">\n<div>\n<div class=\"ntc_info_noticia\"><strong class=\"sw_lato_black\">Fonte: <\/strong>Assessoria de Comunica\u00e7\u00e3o &#8211; PMCR<\/div>\n<\/div>\n<\/div>\n","protected":false},"excerpt":{"rendered":"<p>Em 2023, a SNM (Semana Nacional de Museus) ter\u00e1 como tema &#8220;Museus, sustentabilidade e bem-estar&#8221; e ser\u00e1 um importante avan\u00e7o para a agenda sobre a pauta. A abertura oficial da 21\u00aa SNM em Costa Rica acontecer\u00e1 no dia 15 de maio, juntamente com o Sistema Estadual de Museus de MS e a Rede de Educadores [&hellip;]<\/p>\n","protected":false},"author":4,"featured_media":239050,"comment_status":"closed","ping_status":"closed","sticky":false,"template":"","format":"standard","meta":{"footnotes":""},"categories":[31],"tags":[],"class_list":["post-239048","post","type-post","status-publish","format-standard","has-post-thumbnail","hentry","category-geral"],"_links":{"self":[{"href":"https:\/\/www.ocorreionews.com.br\/acervo-correio\/index.php?rest_route=\/wp\/v2\/posts\/239048","targetHints":{"allow":["GET"]}}],"collection":[{"href":"https:\/\/www.ocorreionews.com.br\/acervo-correio\/index.php?rest_route=\/wp\/v2\/posts"}],"about":[{"href":"https:\/\/www.ocorreionews.com.br\/acervo-correio\/index.php?rest_route=\/wp\/v2\/types\/post"}],"author":[{"embeddable":true,"href":"https:\/\/www.ocorreionews.com.br\/acervo-correio\/index.php?rest_route=\/wp\/v2\/users\/4"}],"replies":[{"embeddable":true,"href":"https:\/\/www.ocorreionews.com.br\/acervo-correio\/index.php?rest_route=%2Fwp%2Fv2%2Fcomments&post=239048"}],"version-history":[{"count":1,"href":"https:\/\/www.ocorreionews.com.br\/acervo-correio\/index.php?rest_route=\/wp\/v2\/posts\/239048\/revisions"}],"predecessor-version":[{"id":239052,"href":"https:\/\/www.ocorreionews.com.br\/acervo-correio\/index.php?rest_route=\/wp\/v2\/posts\/239048\/revisions\/239052"}],"wp:featuredmedia":[{"embeddable":true,"href":"https:\/\/www.ocorreionews.com.br\/acervo-correio\/index.php?rest_route=\/wp\/v2\/media\/239050"}],"wp:attachment":[{"href":"https:\/\/www.ocorreionews.com.br\/acervo-correio\/index.php?rest_route=%2Fwp%2Fv2%2Fmedia&parent=239048"}],"wp:term":[{"taxonomy":"category","embeddable":true,"href":"https:\/\/www.ocorreionews.com.br\/acervo-correio\/index.php?rest_route=%2Fwp%2Fv2%2Fcategories&post=239048"},{"taxonomy":"post_tag","embeddable":true,"href":"https:\/\/www.ocorreionews.com.br\/acervo-correio\/index.php?rest_route=%2Fwp%2Fv2%2Ftags&post=239048"}],"curies":[{"name":"wp","href":"https:\/\/api.w.org\/{rel}","templated":true}]}}