{"id":239053,"date":"2023-05-06T07:34:44","date_gmt":"2023-05-06T11:34:44","guid":{"rendered":"https:\/\/www.ocorreionews.com.br\/acervo-correio\/?p=239053"},"modified":"2023-05-05T16:37:44","modified_gmt":"2023-05-05T20:37:44","slug":"em-disputa-nacional-professor-de-costa-rica-ganha-premio-do-aprende-brasil","status":"publish","type":"post","link":"https:\/\/www.ocorreionews.com.br\/acervo-correio\/?p=239053","title":{"rendered":"Em disputa nacional, professor de Costa Rica ganha pr\u00eamio do Aprende Brasil"},"content":{"rendered":"<div class=\"ntc_cont_descricao_noticia sw_txteditor\">O professor Wagner Farias Torres, lotado na Escola Municipal Joaquim Faustino Rosa em Costa Rica, foi premiado pelo sistema de ensino Aprende Brasil por sua sugest\u00e3o de contribui\u00e7\u00e3o para a apostila de arte, na campanha &#8220;Essa vai para o livro&#8221; e ganhou como pr\u00eamio um iPhone 14. A entrega foi feita nesta sexta-feira (5), na SEMED (Secretaria Municipal de Educa\u00e7\u00e3o) pela consultora Patr\u00edcia Vargas e contou com a presen\u00e7a do vice-prefeito, Roni Cota, e a secret\u00e1ria municipal de Educa\u00e7\u00e3o, Maria Almeida.<\/p>\n<p>\u201c\u00c9 muito satisfat\u00f3rio para todos n\u00f3s ter Costa Rica elevada mais uma vez a n\u00edvel nacional atrav\u00e9s da Educa\u00e7\u00e3o Municipal. Quero agradecer e parabenizar o professor Wagner, por seu brilhantismo dentro e fora da sala de aula, sempre nos enriquecendo com cultura e arte. A premia\u00e7\u00e3o \u00e9 merecida!\u201d, ressaltou o vice-prefeito, Roni Cota.<\/p>\n<p>O docente prop\u00f4s que os ind\u00edgenas tenham voz na apostila, para que possam falar sobre seus rituais, costumes e cren\u00e7as, que s\u00e3o essenciais na ancestralidade ind\u00edgena. O professor compartilhou com seus alunos um pouco de suas viv\u00eancias nas aldeias Guarani e Caiu\u00e1s em Dourados\/MS e sua sugest\u00e3o vai integrar as apostilas do Aprende Brasil do pr\u00f3ximo ano.<\/p>\n<p>\u201cA minha sugest\u00e3o foi justamente para que o sistema Aprende Brasil possa dar vozes aos ind\u00edgenas, para que eles possam sugerir, falar sobre seus rituais atrav\u00e9s da sua arte, dos seus costumes, da sua cren\u00e7a, que \u00e9 uma ess\u00eancia muito bonita.\u00a0 \u00c9 uma satisfa\u00e7\u00e3o muito grande, poder contribuir para que eles possam melhorar a sistematiza\u00e7\u00e3o e a forma de abordagem nos conte\u00fados das apostilas, fico muito feliz em poder contribuir porque isso faz parte de mim\u201d, completou Wagner.<\/p>\n<p>Emocionado, ele agradeceu pelo pr\u00eamio e disse que \u201cn\u00e3o esperava, de fato, receber essa premia\u00e7\u00e3o, estou com o cora\u00e7\u00e3o transbordando alegrias por estar podendo representar a minha escola e a cidade que me recebeu t\u00e3o bem\u201d, concluiu.<\/p>\n<p>Tamb\u00e9m acompanharam a premia\u00e7\u00e3o a diretora da Escola Municipal Joaquim Faustino Rosa, Cl\u00e1udia Regina Herrera, coordenadores pedag\u00f3gicos, professores e amigos do docente.\n<\/p><\/div>\n<div class=\"ntc_area_info_noticia sw_lato\">\n<div>\n<div class=\"ntc_info_noticia\"><strong class=\"sw_lato_black\">Fonte: <\/strong>Assessoria de Comunica\u00e7\u00e3o &#8211; PMCR<\/div>\n<\/div>\n<\/div>\n","protected":false},"excerpt":{"rendered":"<p>O professor Wagner Farias Torres, lotado na Escola Municipal Joaquim Faustino Rosa em Costa Rica, foi premiado pelo sistema de ensino Aprende Brasil por sua sugest\u00e3o de contribui\u00e7\u00e3o para a apostila de arte, na campanha &#8220;Essa vai para o livro&#8221; e ganhou como pr\u00eamio um iPhone 14. A entrega foi feita nesta sexta-feira (5), na [&hellip;]<\/p>\n","protected":false},"author":4,"featured_media":239055,"comment_status":"closed","ping_status":"closed","sticky":false,"template":"","format":"standard","meta":{"footnotes":""},"categories":[25,27],"tags":[],"class_list":["post-239053","post","type-post","status-publish","format-standard","has-post-thumbnail","hentry","category-costa-rica","category-educacao"],"_links":{"self":[{"href":"https:\/\/www.ocorreionews.com.br\/acervo-correio\/index.php?rest_route=\/wp\/v2\/posts\/239053","targetHints":{"allow":["GET"]}}],"collection":[{"href":"https:\/\/www.ocorreionews.com.br\/acervo-correio\/index.php?rest_route=\/wp\/v2\/posts"}],"about":[{"href":"https:\/\/www.ocorreionews.com.br\/acervo-correio\/index.php?rest_route=\/wp\/v2\/types\/post"}],"author":[{"embeddable":true,"href":"https:\/\/www.ocorreionews.com.br\/acervo-correio\/index.php?rest_route=\/wp\/v2\/users\/4"}],"replies":[{"embeddable":true,"href":"https:\/\/www.ocorreionews.com.br\/acervo-correio\/index.php?rest_route=%2Fwp%2Fv2%2Fcomments&post=239053"}],"version-history":[{"count":1,"href":"https:\/\/www.ocorreionews.com.br\/acervo-correio\/index.php?rest_route=\/wp\/v2\/posts\/239053\/revisions"}],"predecessor-version":[{"id":239056,"href":"https:\/\/www.ocorreionews.com.br\/acervo-correio\/index.php?rest_route=\/wp\/v2\/posts\/239053\/revisions\/239056"}],"wp:featuredmedia":[{"embeddable":true,"href":"https:\/\/www.ocorreionews.com.br\/acervo-correio\/index.php?rest_route=\/wp\/v2\/media\/239055"}],"wp:attachment":[{"href":"https:\/\/www.ocorreionews.com.br\/acervo-correio\/index.php?rest_route=%2Fwp%2Fv2%2Fmedia&parent=239053"}],"wp:term":[{"taxonomy":"category","embeddable":true,"href":"https:\/\/www.ocorreionews.com.br\/acervo-correio\/index.php?rest_route=%2Fwp%2Fv2%2Fcategories&post=239053"},{"taxonomy":"post_tag","embeddable":true,"href":"https:\/\/www.ocorreionews.com.br\/acervo-correio\/index.php?rest_route=%2Fwp%2Fv2%2Ftags&post=239053"}],"curies":[{"name":"wp","href":"https:\/\/api.w.org\/{rel}","templated":true}]}}