{"id":239054,"date":"2023-05-06T07:40:20","date_gmt":"2023-05-06T11:40:20","guid":{"rendered":"https:\/\/www.ocorreionews.com.br\/acervo-correio\/?p=239054"},"modified":"2023-05-07T15:42:16","modified_gmt":"2023-05-07T19:42:16","slug":"luta-faleceu-gerson-r-costa","status":"publish","type":"post","link":"https:\/\/www.ocorreionews.com.br\/acervo-correio\/?p=239054","title":{"rendered":"Luto &#8211; Faleceu em Chapad\u00e3o do Sul Gerson R. Costa"},"content":{"rendered":"<p>Faleceu na tarde desta sexta-feira, 05 de maio, o ex-aluno da APAE Chapad\u00e3o do Sul e funcion\u00e1rio da SLC Agr\u00edcola, Fazenda Pantanal, Gerson Rodrigues da Costa, aos 53 anos de idade.<\/p>\n<p>Gerson estava na empresa trabalhando quando passou mal e faleceu em seguida. A princ\u00edpio, segundo familiares, o motivo do falecimento seria um infarto fulminante. Ele mora em Chapad\u00e3o do Sul a mais de 20 anos, exemplo de supera\u00e7\u00e3o de suas limita\u00e7\u00f5es foi membro de fam\u00edlia tradicional da cidade, irm\u00e3o da Professora Ivone.<\/p>\n<p>O corpo de Gerson ser\u00e1 velado na Veladoria Municipal de Chapad\u00e3o do Sul a partir das 07 horas deste s\u00e1bado (06) e o sepultamento ocorre \u00e0s 09 horas no cemit\u00e9rio local.<\/p>\n<p><em>Fonte: Jovemsulnews\u00a0<\/em><\/p>\n","protected":false},"excerpt":{"rendered":"<p>Faleceu na tarde desta sexta-feira, 05 de maio, o ex-aluno da APAE Chapad\u00e3o do Sul e funcion\u00e1rio da SLC Agr\u00edcola, Fazenda Pantanal, Gerson Rodrigues da Costa, aos 53 anos de idade. Gerson estava na empresa trabalhando quando passou mal e faleceu em seguida. A princ\u00edpio, segundo familiares, o motivo do falecimento seria um infarto fulminante. [&hellip;]<\/p>\n","protected":false},"author":4,"featured_media":239076,"comment_status":"closed","ping_status":"closed","sticky":false,"template":"","format":"standard","meta":{"footnotes":""},"categories":[23],"tags":[],"class_list":["post-239054","post","type-post","status-publish","format-standard","has-post-thumbnail","hentry","category-chapadao-do-sul"],"_links":{"self":[{"href":"https:\/\/www.ocorreionews.com.br\/acervo-correio\/index.php?rest_route=\/wp\/v2\/posts\/239054","targetHints":{"allow":["GET"]}}],"collection":[{"href":"https:\/\/www.ocorreionews.com.br\/acervo-correio\/index.php?rest_route=\/wp\/v2\/posts"}],"about":[{"href":"https:\/\/www.ocorreionews.com.br\/acervo-correio\/index.php?rest_route=\/wp\/v2\/types\/post"}],"author":[{"embeddable":true,"href":"https:\/\/www.ocorreionews.com.br\/acervo-correio\/index.php?rest_route=\/wp\/v2\/users\/4"}],"replies":[{"embeddable":true,"href":"https:\/\/www.ocorreionews.com.br\/acervo-correio\/index.php?rest_route=%2Fwp%2Fv2%2Fcomments&post=239054"}],"version-history":[{"count":1,"href":"https:\/\/www.ocorreionews.com.br\/acervo-correio\/index.php?rest_route=\/wp\/v2\/posts\/239054\/revisions"}],"predecessor-version":[{"id":239086,"href":"https:\/\/www.ocorreionews.com.br\/acervo-correio\/index.php?rest_route=\/wp\/v2\/posts\/239054\/revisions\/239086"}],"wp:featuredmedia":[{"embeddable":true,"href":"https:\/\/www.ocorreionews.com.br\/acervo-correio\/index.php?rest_route=\/wp\/v2\/media\/239076"}],"wp:attachment":[{"href":"https:\/\/www.ocorreionews.com.br\/acervo-correio\/index.php?rest_route=%2Fwp%2Fv2%2Fmedia&parent=239054"}],"wp:term":[{"taxonomy":"category","embeddable":true,"href":"https:\/\/www.ocorreionews.com.br\/acervo-correio\/index.php?rest_route=%2Fwp%2Fv2%2Fcategories&post=239054"},{"taxonomy":"post_tag","embeddable":true,"href":"https:\/\/www.ocorreionews.com.br\/acervo-correio\/index.php?rest_route=%2Fwp%2Fv2%2Ftags&post=239054"}],"curies":[{"name":"wp","href":"https:\/\/api.w.org\/{rel}","templated":true}]}}