{"id":239058,"date":"2023-05-05T21:38:43","date_gmt":"2023-05-06T01:38:43","guid":{"rendered":"https:\/\/www.ocorreionews.com.br\/acervo-correio\/?p=239058"},"modified":"2023-05-05T21:38:43","modified_gmt":"2023-05-06T01:38:43","slug":"pai-preso-por-vender-adolescente-por-r-50-ja-havia-sido-retirado-de-casa-pela-policia","status":"publish","type":"post","link":"https:\/\/www.ocorreionews.com.br\/acervo-correio\/?p=239058","title":{"rendered":"Pai preso por &#8216;vender&#8217; adolescente por R$ 50 j\u00e1 havia sido retirado de casa pela pol\u00edcia"},"content":{"rendered":"<p>O pai da adolescente de 13 anos, <strong><a href=\"https:\/\/www.ocorreionews.com.br\/acervo-correio\/pai-e-suspeito-de-vender-filha-de-13-anos-por-r-50-para-ser-estuprada-em-ms\/\">preso na \u00faltima quarta-feira (3) por \u2018vender\u2019 a filha por R$ 50<\/a><\/strong> para um homem, j\u00e1 havia sido retirado de casa pela pol\u00edcia, seis meses antes. Em novembro do ano passado, o Conselho Tutelar encaminhou of\u00edcio \u00e0 Pol\u00edcia Civil, que foi at\u00e9 o im\u00f3vel, fazendo com que ele retirasse todos os pertences do local. O caso foi registrado na cidade de Laguna Carap\u00e3, a 287 km de Campo Grande.<\/p>\n<p>Conforme consta no boletim de ocorr\u00eancia, a Pol\u00edcia Civil compareceu na casa da adolescente ap\u00f3s a visita do Conselho Tutelar, e o delegado determinou que o pai da menina mudasse do local. Em conversa com a m\u00e3e da v\u00edtima, ela disse que o marido n\u00e3o estava na resid\u00eancia.<\/p>\n<p>Ele foi localizado posteriormente e comunicado de que deveria se manter afastado da filha. Na ocasi\u00e3o, o pai retirou os pertences do im\u00f3vel e compareceu, junto \u00e0 m\u00e3e da menina, na delegacia para prestar esclarecimentos e feito boletim de ocorr\u00eancia por importuna\u00e7\u00e3o sexual.<\/p>\n<h4 id=\"h-medida-protetiva\">Medida protetiva<\/h4>\n<p>O pai foi preso por descumprir a medida protetiva que a adolescente tinha contra ele. Nova den\u00fancia feita pelo Conselho Tutelar aponta que o pai \u2018vendia\u2019 a filha por R$ 50 para um idoso de 62 anos.<\/p>\n<p>A menina contou aos conselheiros que o idoso foi duas vezes \u00e0 noite em sua\u00a0casa\u00a0e teria abusado dela. A v\u00edtima ainda relatou que tomava rem\u00e9dio para n\u00e3o engravidar. A m\u00e3e dela sabia dos acontecimentos, mas n\u00e3o interferia.<\/p>\n<p>&nbsp;<\/p>\n<p>*Midiamax, Danielle Errobidarte<\/p>\n<div class=\"elementor-element elementor-element-ec9eab2 elementor-widget__width-auto elementor-widget elementor-widget-text-editor\" data-id=\"ec9eab2\" data-element_type=\"widget\" data-widget_type=\"text-editor.default\">\n<div class=\"elementor-widget-container\"><\/div>\n<\/div>\n","protected":false},"excerpt":{"rendered":"<p>O pai da adolescente de 13 anos, preso na \u00faltima quarta-feira (3) por \u2018vender\u2019 a filha por R$ 50 para um homem, j\u00e1 havia sido retirado de casa pela pol\u00edcia, seis meses antes. Em novembro do ano passado, o Conselho Tutelar encaminhou of\u00edcio \u00e0 Pol\u00edcia Civil, que foi at\u00e9 o im\u00f3vel, fazendo com que ele [&hellip;]<\/p>\n","protected":false},"author":5,"featured_media":239059,"comment_status":"closed","ping_status":"closed","sticky":false,"template":"","format":"standard","meta":{"footnotes":""},"categories":[38],"tags":[],"class_list":["post-239058","post","type-post","status-publish","format-standard","has-post-thumbnail","hentry","category-policia"],"_links":{"self":[{"href":"https:\/\/www.ocorreionews.com.br\/acervo-correio\/index.php?rest_route=\/wp\/v2\/posts\/239058","targetHints":{"allow":["GET"]}}],"collection":[{"href":"https:\/\/www.ocorreionews.com.br\/acervo-correio\/index.php?rest_route=\/wp\/v2\/posts"}],"about":[{"href":"https:\/\/www.ocorreionews.com.br\/acervo-correio\/index.php?rest_route=\/wp\/v2\/types\/post"}],"author":[{"embeddable":true,"href":"https:\/\/www.ocorreionews.com.br\/acervo-correio\/index.php?rest_route=\/wp\/v2\/users\/5"}],"replies":[{"embeddable":true,"href":"https:\/\/www.ocorreionews.com.br\/acervo-correio\/index.php?rest_route=%2Fwp%2Fv2%2Fcomments&post=239058"}],"version-history":[{"count":1,"href":"https:\/\/www.ocorreionews.com.br\/acervo-correio\/index.php?rest_route=\/wp\/v2\/posts\/239058\/revisions"}],"predecessor-version":[{"id":239060,"href":"https:\/\/www.ocorreionews.com.br\/acervo-correio\/index.php?rest_route=\/wp\/v2\/posts\/239058\/revisions\/239060"}],"wp:featuredmedia":[{"embeddable":true,"href":"https:\/\/www.ocorreionews.com.br\/acervo-correio\/index.php?rest_route=\/wp\/v2\/media\/239059"}],"wp:attachment":[{"href":"https:\/\/www.ocorreionews.com.br\/acervo-correio\/index.php?rest_route=%2Fwp%2Fv2%2Fmedia&parent=239058"}],"wp:term":[{"taxonomy":"category","embeddable":true,"href":"https:\/\/www.ocorreionews.com.br\/acervo-correio\/index.php?rest_route=%2Fwp%2Fv2%2Fcategories&post=239058"},{"taxonomy":"post_tag","embeddable":true,"href":"https:\/\/www.ocorreionews.com.br\/acervo-correio\/index.php?rest_route=%2Fwp%2Fv2%2Ftags&post=239058"}],"curies":[{"name":"wp","href":"https:\/\/api.w.org\/{rel}","templated":true}]}}