{"id":239064,"date":"2023-05-05T22:03:28","date_gmt":"2023-05-06T02:03:28","guid":{"rendered":"https:\/\/www.ocorreionews.com.br\/acervo-correio\/?p=239064"},"modified":"2023-05-05T22:03:28","modified_gmt":"2023-05-06T02:03:28","slug":"nem-governador-escapa-eduardo-riedel-anuncia-que-teve-celular-clonado","status":"publish","type":"post","link":"https:\/\/www.ocorreionews.com.br\/acervo-correio\/?p=239064","title":{"rendered":"Nem governador escapa: Eduardo Riedel anuncia que teve celular clonado"},"content":{"rendered":"<p>A assessoria de imprensa do governador, Eduardo Riedel (PSDB), informou nesta quinta-feira (5) que o celular do chefe do Executivo Estadual foi clonado. Foi informado que \u201cmedidas necess\u00e1rias j\u00e1 foram adotadas\u201d e que a popula\u00e7\u00e3o deve se atentar para a situa\u00e7\u00e3o, at\u00e9 que seja resolvida.<\/p>\n<p>Esta n\u00e3o foi a primeira vez que Riedel relata ter sofrido crimes cibern\u00e9ticos &#8211; no ano passado, quando ainda era pr\u00e9-candidato ao governo, o tucano anunciou em seu perfil oficial que criminosos usavam n\u00famero de celular desconhecido, com a foto do parlamentar, para aplicar golpes no aplicativo WhatsApp.<\/p>\n<p>A invas\u00e3o de dispositivos tecnol\u00f3gicos, como smartphones e computadores, \u00e9 crime e est\u00e1 previsto no artigo 154-A do C\u00f3digo Penal. Da mesma forma, falsidade ideol\u00f3gica tamb\u00e9m \u00e9 crime, segundo o artigo 299.<\/p>\n<p>Em 2021, o Governo Federal aprovou lei que pune com quatro a oito anos de reclus\u00e3o quem pratica fraudes pelo WhatsApp e outros meios eletr\u00f4nicos.<\/p>\n<p><strong>Outros casos &#8211;<\/strong> Outras figuras pol\u00edticas tamb\u00e9m tiveram casos semelhantes. Em novembro de 2022, a senadora Soraya Thronicke (Uni\u00e3o Brasil) teve o WhatsApp clonado. Ela disse que at\u00e9 tentaram enganar a pr\u00f3pria m\u00e3e e pediu para que ningu\u00e9m enviasse dinheiro ou informa\u00e7\u00f5es.<\/p>\n<p>Em 2017, Marun teve seu telefone clonado e as mensagens foram encaminhadas para familiares e parlamentares. Na \u00e9poca, Marun deu entrevista para a Folha de S\u00e3o Paulo dizendo que \u201cSumiu tudo e trancou meu WhatsApp. Para alguns lugares foi uma mensagem pedindo dinheiro numa conta no Banco do Brasil. Mandei para a [assist\u00eancia] t\u00e9cnica e tive que trocar o n\u00famero do WhatsApp\u201d.<\/p>\n<p>Em 2018, o ent\u00e3o prefeito da Capital, Marcos Trad (PSD), teve o celular clonado e o golpista fez tr\u00eas v\u00edtimas, conseguindo R$ 12 mil. No ano anterior, o ex-deputado federal e ent\u00e3o ministro de Governo, Carlos Marun, tamb\u00e9m foi v\u00edtima.<\/p>\n<p><strong>Dicas &#8211;<\/strong> Para saber se foi v\u00edtima e o que fazer em caso de WhatsApp clonado, uma das primeiras formas de identificar \u00e9 verificar se voc\u00ea perdeu acesso ao dispositivo.<\/p>\n<p>Se voc\u00ea continua com acesso ao seu perfil e acredita que algu\u00e9m est\u00e1 utilizando sua conta na vers\u00e3o do WhatsApp para computador (web ou desktop), o usu\u00e1rio deve abrir o app e verificar quais dispositivos est\u00e3o conectados, para desconectar, se preciso.<\/p>\n<p>Especialistas tamb\u00e9m orientam para avisar conhecidos o mais r\u00e1pido poss\u00edvel que voc\u00ea perdeu acesso ao seu n\u00famero, por outras redes sociais.<\/p>\n<p>&nbsp;<\/p>\n<p>Por Guilherme Correia &#8211; CAMPO GRANDE NEWS<\/p>\n","protected":false},"excerpt":{"rendered":"<p>A assessoria de imprensa do governador, Eduardo Riedel (PSDB), informou nesta quinta-feira (5) que o celular do chefe do Executivo Estadual foi clonado. Foi informado que \u201cmedidas necess\u00e1rias j\u00e1 foram adotadas\u201d e que a popula\u00e7\u00e3o deve se atentar para a situa\u00e7\u00e3o, at\u00e9 que seja resolvida. Esta n\u00e3o foi a primeira vez que Riedel relata ter [&hellip;]<\/p>\n","protected":false},"author":5,"featured_media":237938,"comment_status":"closed","ping_status":"closed","sticky":false,"template":"","format":"standard","meta":{"footnotes":""},"categories":[37],"tags":[],"class_list":["post-239064","post","type-post","status-publish","format-standard","has-post-thumbnail","hentry","category-politica"],"_links":{"self":[{"href":"https:\/\/www.ocorreionews.com.br\/acervo-correio\/index.php?rest_route=\/wp\/v2\/posts\/239064","targetHints":{"allow":["GET"]}}],"collection":[{"href":"https:\/\/www.ocorreionews.com.br\/acervo-correio\/index.php?rest_route=\/wp\/v2\/posts"}],"about":[{"href":"https:\/\/www.ocorreionews.com.br\/acervo-correio\/index.php?rest_route=\/wp\/v2\/types\/post"}],"author":[{"embeddable":true,"href":"https:\/\/www.ocorreionews.com.br\/acervo-correio\/index.php?rest_route=\/wp\/v2\/users\/5"}],"replies":[{"embeddable":true,"href":"https:\/\/www.ocorreionews.com.br\/acervo-correio\/index.php?rest_route=%2Fwp%2Fv2%2Fcomments&post=239064"}],"version-history":[{"count":1,"href":"https:\/\/www.ocorreionews.com.br\/acervo-correio\/index.php?rest_route=\/wp\/v2\/posts\/239064\/revisions"}],"predecessor-version":[{"id":239065,"href":"https:\/\/www.ocorreionews.com.br\/acervo-correio\/index.php?rest_route=\/wp\/v2\/posts\/239064\/revisions\/239065"}],"wp:featuredmedia":[{"embeddable":true,"href":"https:\/\/www.ocorreionews.com.br\/acervo-correio\/index.php?rest_route=\/wp\/v2\/media\/237938"}],"wp:attachment":[{"href":"https:\/\/www.ocorreionews.com.br\/acervo-correio\/index.php?rest_route=%2Fwp%2Fv2%2Fmedia&parent=239064"}],"wp:term":[{"taxonomy":"category","embeddable":true,"href":"https:\/\/www.ocorreionews.com.br\/acervo-correio\/index.php?rest_route=%2Fwp%2Fv2%2Fcategories&post=239064"},{"taxonomy":"post_tag","embeddable":true,"href":"https:\/\/www.ocorreionews.com.br\/acervo-correio\/index.php?rest_route=%2Fwp%2Fv2%2Ftags&post=239064"}],"curies":[{"name":"wp","href":"https:\/\/api.w.org\/{rel}","templated":true}]}}