{"id":239071,"date":"2023-05-05T22:34:55","date_gmt":"2023-05-06T02:34:55","guid":{"rendered":"https:\/\/www.ocorreionews.com.br\/acervo-correio\/?p=239071"},"modified":"2023-05-05T22:34:55","modified_gmt":"2023-05-06T02:34:55","slug":"cassilandia-registra-queda-de-73-nos-crimes-de-furto-no-municipio","status":"publish","type":"post","link":"https:\/\/www.ocorreionews.com.br\/acervo-correio\/?p=239071","title":{"rendered":"Cassil\u00e2ndia registra queda de 73% nos crimes de furto no munic\u00edpio"},"content":{"rendered":"<p>O 13\u00ba Batalh\u00e3o de Pol\u00edcia Militar, unidade integrante do Comando de Policiamento de \u00c1rea 2, nessa quinta-feira (04), apresentou os dados relativos aos crimes de furto, que ocorreram no m\u00eas de abril de 2023 em Cassil\u00e2ndia, comparado com o mesmo per\u00edodo do ano passado, em 2022, registrando uma queda consider\u00e1vel nos crimes contra o patrim\u00f4nio no munic\u00edpio.<\/p>\n<p>De acordo com dados extra\u00eddos do Sistema Integrado de Gest\u00e3o Operacional (Plataforma SIGO), os \u00edndices de furto, quando ocorre a subtra\u00e7\u00e3o de algo alheio sem usar de viol\u00eancia, diminu\u00edram consideravelmente. No mesmo per\u00edodo n\u00e3o houve registros de crime de roubo, quando a subtra\u00e7\u00e3o se d\u00e1 por meio de viol\u00eancia ou grave amea\u00e7a.<\/p>\n<p>Os furtos registrados somaram 7 no total do m\u00eas de abril, o que equivale a um \u00edndice de redu\u00e7\u00e3o de 73%, aproximadamente, em rela\u00e7\u00e3o ao quantitativo do m\u00eas de abril do ano de 2022, quando houve 26 furtos. Comparado com o m\u00eas anterior, mar\u00e7o de 2023, que apresentou 36 furtos, a redu\u00e7\u00e3o foi de 80%, aproximadamente.<\/p>\n<p>Este resultado da redu\u00e7\u00e3o dos \u00edndices criminais se deve a integra\u00e7\u00e3o existente entre as For\u00e7as de Seguran\u00e7a P\u00fablicas locais, Pol\u00edcia Militar e Pol\u00edcia Civil, contando sempre com o apoio do Minist\u00e9rio P\u00fablico e do Poder Judici\u00e1rio nas a\u00e7\u00f5es realizadas para prevenir e reprimir a pr\u00e1tica de crimes.<\/p>\n<p>\u201cCostumo dizer que a engrenagem do sistema p\u00fablico tem que rodar bem, tem que funcionar, em perfeita sintonia entre todos os \u00f3rg\u00e3os envolvidos, para que possamos conseguir os melhores resultados que buscam o estabelecimento da ordem e da paz social para a nossa popula\u00e7\u00e3o, que tanto necessita. A palavra chave \u00e9 integra\u00e7\u00e3o! Reuni\u00f5es e di\u00e1logos s\u00e3o imprescind\u00edveis para o planejamento de a\u00e7\u00f5es. Aproveito para parabenizar a nossa tropa do 13\u00b0 BPM, em especial o efetivo da Unidade de Cassil\u00e2ndia pela dedica\u00e7\u00e3o, empenho e responsabilidade pelos resultados alcan\u00e7ados, atrav\u00e9s das abordagens, pris\u00f5es e apreens\u00f5es realizadas. Parabenizo tamb\u00e9m, na pessoa do Dr. L\u00facio F\u00e1tima da Silva Barros, Delegado Regional, todos os integrantes da Pol\u00edcia Civil que realizam a atividade de investiga\u00e7\u00e3o criminal no munic\u00edpio.\u201d Comentou o Comandante do 13\u00b0 BPM \u2013 Tenente Coronel Paulo Ribeiro dos Santos.<\/p>\n<p>Visando coibir a pr\u00e1tica de crimes contra o patrim\u00f4nio no munic\u00edpio de Cassil\u00e2ndia v\u00e1rias a\u00e7\u00f5es de abordagens e refor\u00e7o no policiamento tem sido realizado com a For\u00e7a T\u00e1tica, Efetivo da opera\u00e7\u00e3o H\u00f3rus e servi\u00e7o de Intelig\u00eancia da Pol\u00edcia Militar. Com a sa\u00edda parcial dos policiais militares da guarda externa do Estabelecimento Penal, estamos intensificando ainda mais o policiamento ostensivo em locais com maior incid\u00eancia de crimes, em locais vulner\u00e1veis como os acessos \u00e0 cidade e locais de pr\u00e1tica de crimes apontados pelos cidad\u00e3os. Deste modo, continuaremos de forma estrat\u00e9gica refor\u00e7ando o policiamento na regi\u00e3o, para continuar proporcionando um ambiente mais seguro para a popula\u00e7\u00e3o de Cassil\u00e2ndia e regi\u00e3o.<\/p>\n<p>&nbsp;<\/p>\n<p>*Assessoria de Comunica\u00e7\u00e3o da PM<\/p>\n","protected":false},"excerpt":{"rendered":"<p>O 13\u00ba Batalh\u00e3o de Pol\u00edcia Militar, unidade integrante do Comando de Policiamento de \u00c1rea 2, nessa quinta-feira (04), apresentou os dados relativos aos crimes de furto, que ocorreram no m\u00eas de abril de 2023 em Cassil\u00e2ndia, comparado com o mesmo per\u00edodo do ano passado, em 2022, registrando uma queda consider\u00e1vel nos crimes contra o patrim\u00f4nio [&hellip;]<\/p>\n","protected":false},"author":5,"featured_media":239072,"comment_status":"closed","ping_status":"closed","sticky":false,"template":"","format":"standard","meta":{"footnotes":""},"categories":[21],"tags":[],"class_list":["post-239071","post","type-post","status-publish","format-standard","has-post-thumbnail","hentry","category-cassilandia"],"_links":{"self":[{"href":"https:\/\/www.ocorreionews.com.br\/acervo-correio\/index.php?rest_route=\/wp\/v2\/posts\/239071","targetHints":{"allow":["GET"]}}],"collection":[{"href":"https:\/\/www.ocorreionews.com.br\/acervo-correio\/index.php?rest_route=\/wp\/v2\/posts"}],"about":[{"href":"https:\/\/www.ocorreionews.com.br\/acervo-correio\/index.php?rest_route=\/wp\/v2\/types\/post"}],"author":[{"embeddable":true,"href":"https:\/\/www.ocorreionews.com.br\/acervo-correio\/index.php?rest_route=\/wp\/v2\/users\/5"}],"replies":[{"embeddable":true,"href":"https:\/\/www.ocorreionews.com.br\/acervo-correio\/index.php?rest_route=%2Fwp%2Fv2%2Fcomments&post=239071"}],"version-history":[{"count":1,"href":"https:\/\/www.ocorreionews.com.br\/acervo-correio\/index.php?rest_route=\/wp\/v2\/posts\/239071\/revisions"}],"predecessor-version":[{"id":239073,"href":"https:\/\/www.ocorreionews.com.br\/acervo-correio\/index.php?rest_route=\/wp\/v2\/posts\/239071\/revisions\/239073"}],"wp:featuredmedia":[{"embeddable":true,"href":"https:\/\/www.ocorreionews.com.br\/acervo-correio\/index.php?rest_route=\/wp\/v2\/media\/239072"}],"wp:attachment":[{"href":"https:\/\/www.ocorreionews.com.br\/acervo-correio\/index.php?rest_route=%2Fwp%2Fv2%2Fmedia&parent=239071"}],"wp:term":[{"taxonomy":"category","embeddable":true,"href":"https:\/\/www.ocorreionews.com.br\/acervo-correio\/index.php?rest_route=%2Fwp%2Fv2%2Fcategories&post=239071"},{"taxonomy":"post_tag","embeddable":true,"href":"https:\/\/www.ocorreionews.com.br\/acervo-correio\/index.php?rest_route=%2Fwp%2Fv2%2Ftags&post=239071"}],"curies":[{"name":"wp","href":"https:\/\/api.w.org\/{rel}","templated":true}]}}