{"id":239085,"date":"2023-05-06T08:28:40","date_gmt":"2023-05-06T12:28:40","guid":{"rendered":"https:\/\/www.ocorreionews.com.br\/acervo-correio\/?p=239085"},"modified":"2023-05-06T08:28:40","modified_gmt":"2023-05-06T12:28:40","slug":"legislativo-divulga-pauta-prevista-para-a-proxima-sessao-ordinaria-14","status":"publish","type":"post","link":"https:\/\/www.ocorreionews.com.br\/acervo-correio\/?p=239085","title":{"rendered":"Legislativo divulga pauta prevista para a pr\u00f3xima Sess\u00e3o Ordin\u00e1ria"},"content":{"rendered":"<p class=\"x_MsoNormal\"><strong>ALCIN\u00d3POLIS &#8211;<\/strong> A pr\u00f3xima Sess\u00e3o Ordin\u00e1ria est\u00e1 programada para acontecer no dia 08 de abril, no Plen\u00e1rio \u201cAdolfo Alves Carneiro.<\/p>\n<p class=\"x_MsoNormal\">Para esta Sess\u00e3o est\u00e1 prevista a apresenta\u00e7\u00e3o do Projeto de Lei Complementar n\u00ba 005\/23, que disp\u00f5e sobre a amplia\u00e7\u00e3o do n\u00famero de vagas para o cargo de provimento efetivo de farmac\u00eautico-bioqu\u00edmico, de autoria do Executivo Municipal.<\/p>\n<p class=\"x_MsoNormal\">Al\u00e9m da apresenta\u00e7\u00e3o deste Projeto, os vereadores ainda far\u00e3o as apresenta\u00e7\u00f5es de suas indica\u00e7\u00f5es, sendo elas: a de n\u00ba 41\/23, sugerindo a constru\u00e7\u00e3o de um busto para o p\u00e1tio do Parque Industrial em homenagem ao ex-secret\u00e1rio municipal de Obras, Thiago Carneiro Pereira; a de n\u00ba 42\/23, sugerindo a constru\u00e7\u00e3o de um busto no Centro de Refer\u00eancia e Assist\u00eancia Social em homenagem \u00e0 ex-vereadora, F\u00e1tima Cris\u00f3stomo da Silva; e a de n\u00ba 43\/23, sugerindo a substitui\u00e7\u00e3o de l\u00e2mpadas queimadas na rua Armando Fernandes da Silva, no Conjunto Habitacional Jardim P\u00f4r do Sol. Estas tr\u00eas indica\u00e7\u00f5es de autoria da vereadora Onilza Matias (PL).<\/p>\n<p class=\"x_MsoNormal\">A vereadora Rosangela Campos (PL), apresentar\u00e1 duas indica\u00e7\u00f5es: a de n\u00ba 40\/23, sugerindo a constru\u00e7\u00e3o de escadas entre os degraus da arquibancada do Est\u00e1dio Municipal; e a de n\u00ba 44\/23, sugerindo a constru\u00e7\u00e3o de um busto na Veladoria Municipal em homenagem ao sr. Deodato Pio Elias. J\u00e1 o vereador Ademir M\u00fcller (PSDB) apresentar\u00e1 a indica\u00e7\u00e3o de n\u00ba 45\/23, solicitando patrolamento da estrada que d\u00e1 acesso \u00e0s propriedades dos pecuaristas Cl\u00f3vis, Alex Cochito e Roil Garcia Bogonha.<\/p>\n<p class=\"x_MsoNormal\">A Sess\u00e3o est\u00e1 prevista para iniciar \u00e0s 09h00 e ser\u00e1 transmitida pelas m\u00eddias sociais oficiais do Poder Legislativo Municipal, atrav\u00e9s de Live, e pela R\u00e1dio Educativa FM.<\/p>\n<p class=\"x_MsoNormal\">\n<p class=\"x_MsoNormal\">&#8212;<\/p>\n<p class=\"x_MsoNormal\"><i>C\u00e2mara Municipal de Alcin\u00f3polis \u2013 MS<\/i><\/p>\n<p class=\"x_MsoNormal\"><i>Assessoria de Comunica\u00e7\u00e3o \u2013 ASCOM<\/i><\/p>\n<p class=\"x_MsoNormal\"><i>Jornalista Bruna Souza<\/i><\/p>\n","protected":false},"excerpt":{"rendered":"<p>ALCIN\u00d3POLIS &#8211; A pr\u00f3xima Sess\u00e3o Ordin\u00e1ria est\u00e1 programada para acontecer no dia 08 de abril, no Plen\u00e1rio \u201cAdolfo Alves Carneiro. Para esta Sess\u00e3o est\u00e1 prevista a apresenta\u00e7\u00e3o do Projeto de Lei Complementar n\u00ba 005\/23, que disp\u00f5e sobre a amplia\u00e7\u00e3o do n\u00famero de vagas para o cargo de provimento efetivo de farmac\u00eautico-bioqu\u00edmico, de autoria do Executivo [&hellip;]<\/p>\n","protected":false},"author":4,"featured_media":188786,"comment_status":"closed","ping_status":"closed","sticky":false,"template":"","format":"standard","meta":{"footnotes":""},"categories":[18,20],"tags":[],"class_list":["post-239085","post","type-post","status-publish","format-standard","has-post-thumbnail","hentry","category-alcinopolis","category-camara-municipal"],"_links":{"self":[{"href":"https:\/\/www.ocorreionews.com.br\/acervo-correio\/index.php?rest_route=\/wp\/v2\/posts\/239085","targetHints":{"allow":["GET"]}}],"collection":[{"href":"https:\/\/www.ocorreionews.com.br\/acervo-correio\/index.php?rest_route=\/wp\/v2\/posts"}],"about":[{"href":"https:\/\/www.ocorreionews.com.br\/acervo-correio\/index.php?rest_route=\/wp\/v2\/types\/post"}],"author":[{"embeddable":true,"href":"https:\/\/www.ocorreionews.com.br\/acervo-correio\/index.php?rest_route=\/wp\/v2\/users\/4"}],"replies":[{"embeddable":true,"href":"https:\/\/www.ocorreionews.com.br\/acervo-correio\/index.php?rest_route=%2Fwp%2Fv2%2Fcomments&post=239085"}],"version-history":[{"count":1,"href":"https:\/\/www.ocorreionews.com.br\/acervo-correio\/index.php?rest_route=\/wp\/v2\/posts\/239085\/revisions"}],"predecessor-version":[{"id":239087,"href":"https:\/\/www.ocorreionews.com.br\/acervo-correio\/index.php?rest_route=\/wp\/v2\/posts\/239085\/revisions\/239087"}],"wp:featuredmedia":[{"embeddable":true,"href":"https:\/\/www.ocorreionews.com.br\/acervo-correio\/index.php?rest_route=\/wp\/v2\/media\/188786"}],"wp:attachment":[{"href":"https:\/\/www.ocorreionews.com.br\/acervo-correio\/index.php?rest_route=%2Fwp%2Fv2%2Fmedia&parent=239085"}],"wp:term":[{"taxonomy":"category","embeddable":true,"href":"https:\/\/www.ocorreionews.com.br\/acervo-correio\/index.php?rest_route=%2Fwp%2Fv2%2Fcategories&post=239085"},{"taxonomy":"post_tag","embeddable":true,"href":"https:\/\/www.ocorreionews.com.br\/acervo-correio\/index.php?rest_route=%2Fwp%2Fv2%2Ftags&post=239085"}],"curies":[{"name":"wp","href":"https:\/\/api.w.org\/{rel}","templated":true}]}}