{"id":239089,"date":"2023-05-06T09:28:41","date_gmt":"2023-05-06T13:28:41","guid":{"rendered":"https:\/\/www.ocorreionews.com.br\/acervo-correio\/?p=239089"},"modified":"2023-05-06T10:16:42","modified_gmt":"2023-05-06T14:16:42","slug":"viatura-do-samu-teve-roda-arrancada-e-motorista-de-gol-morto-em-acidente-na-br-262-e-identificado","status":"publish","type":"post","link":"https:\/\/www.ocorreionews.com.br\/acervo-correio\/?p=239089","title":{"rendered":"Jovem morre em colis\u00e3o entre carro e ambul\u00e2ncia do SAMU em MS"},"content":{"rendered":"<div class=\"x11i5rnm xat24cr x1mh8g0r x1vvkbs xtlvy1s x126k92a\">\n<div dir=\"auto\">\n<p>O acidente envolvendo uma viatura do Samu (Servi\u00e7o de Atendimento M\u00f3vel de Urg\u00eancia) e um VW Gol, <strong>na noite desta sexta-feira (5), na BR-262 em Campo Grande, <\/strong>deixou dois socorristas que estavam na ambul\u00e2ncia feridos. Al\u00e9m deles, o motorista do Gol n\u00e3o resistiu aos ferimentos e morreu ainda no local. Ele foi identificado como Edson dos Santos de Almeida, de 24 anos.<\/p>\n<p>Conforme consta no boletim de ocorr\u00eancia, o motorista da ambul\u00e2ncia informou que seguia pela BR-262, sentido Avenida Zilo Correa Machado e, ao passar pela Avenida Jo\u00e3o Garcia Carvalho Filho, ouviu um barulho de freada de ve\u00edculo. Ele disse ter enxergado Edson vindo na dire\u00e7\u00e3o contr\u00e1ria a viatura, e ainda tentou jogar a ambul\u00e2ncia para a direita, mas teve o eixo dianteiro e a porta do lado do motorista atingidos.<\/p>\n<p>Com o impacto da colis\u00e3o, uma das rodas da ambul\u00e2ncia foi arrancada e a frente do Gol ficou totalmente destru\u00edda. Dois socorristas, que estavam na ambul\u00e2ncia junto ao motorista, foram encaminhados para a Santa Casa.<\/p>\n<p>A socorrista estava com suspeita de fratura de costela, j\u00e1 que teria batido o peito no painel da viatura mesmo ap\u00f3s o<em> air bag<\/em> ter sido acionado. J\u00e1 o segundo socorrista teve fratura no f\u00eamur e uma poss\u00edvel hemorragia.<\/p>\n<p>A per\u00edcia confirmou a vers\u00e3o dada pelo motorista da ambul\u00e2ncia e constatou que o condutor do Gol invadiu a pista contr\u00e1ria. O Corpo de Bombeiros, al\u00e9m da CCR Ms Via e Pol\u00edcia Civil tamb\u00e9m estiveram no local. O acidente foi registrado como sinistro de tr\u00e2nsito com v\u00edtima fatal, provocado pela pr\u00f3pria v\u00edtima.<\/p>\n<\/div>\n<\/div>\n<p>&nbsp;<\/p>\n<figure style=\"width: 1280px\" class=\"wp-caption aligncenter\"><img loading=\"lazy\" decoding=\"async\" class=\"attachment-full wp-post-image\" src=\"https:\/\/midiamax.uol.com.br\/wp-content\/uploads\/2023\/05\/WhatsApp-Image-2023-05-06-at-00.19.43.jpeg\" sizes=\"auto, (max-width: 1280px) 100vw, 1280px\" srcset=\"https:\/\/midiamax.uol.com.br\/wp-content\/uploads\/2023\/05\/WhatsApp-Image-2023-05-06-at-00.19.43.jpeg 1280w, https:\/\/midiamax.uol.com.br\/wp-content\/uploads\/2023\/05\/WhatsApp-Image-2023-05-06-at-00.19.43-300x169.jpeg 300w, https:\/\/midiamax.uol.com.br\/wp-content\/uploads\/2023\/05\/WhatsApp-Image-2023-05-06-at-00.19.43-150x84.jpeg 150w\" alt=\"Motorista morre em acidente entre carro e ambul\u00e2ncia do Samu na BR-262, em Campo Grande\" width=\"1280\" height=\"720\" data-eio=\"p\" \/><figcaption class=\"wp-caption-text\">Acidente aconteceu na noite desta sexta-feira (05) (Foto: Diego Alves\/Midiamax)<\/figcaption><\/figure>\n<p>&nbsp;<\/p>\n<div class=\"x11i5rnm xat24cr x1mh8g0r x1vvkbs xtlvy1s x126k92a\">\n<div dir=\"auto\">\n<div class=\"elementor-element elementor-element-1944f35 post-author elementor-widget__width-auto elementor-widget elementor-widget-shortcode\" data-id=\"1944f35\" data-element_type=\"widget\" data-widget_type=\"shortcode.default\">\n<div class=\"elementor-widget-container\">\n<div class=\"elementor-shortcode\">Danielle Errobidarte, Midiamaz<\/div>\n<\/div>\n<\/div>\n<\/div>\n<\/div>\n","protected":false},"excerpt":{"rendered":"<p>O acidente envolvendo uma viatura do Samu (Servi\u00e7o de Atendimento M\u00f3vel de Urg\u00eancia) e um VW Gol, na noite desta sexta-feira (5), na BR-262 em Campo Grande, deixou dois socorristas que estavam na ambul\u00e2ncia feridos. Al\u00e9m deles, o motorista do Gol n\u00e3o resistiu aos ferimentos e morreu ainda no local. Ele foi identificado como Edson [&hellip;]<\/p>\n","protected":false},"author":4,"featured_media":239099,"comment_status":"closed","ping_status":"closed","sticky":false,"template":"","format":"standard","meta":{"footnotes":""},"categories":[38],"tags":[],"class_list":["post-239089","post","type-post","status-publish","format-standard","has-post-thumbnail","hentry","category-policia"],"_links":{"self":[{"href":"https:\/\/www.ocorreionews.com.br\/acervo-correio\/index.php?rest_route=\/wp\/v2\/posts\/239089","targetHints":{"allow":["GET"]}}],"collection":[{"href":"https:\/\/www.ocorreionews.com.br\/acervo-correio\/index.php?rest_route=\/wp\/v2\/posts"}],"about":[{"href":"https:\/\/www.ocorreionews.com.br\/acervo-correio\/index.php?rest_route=\/wp\/v2\/types\/post"}],"author":[{"embeddable":true,"href":"https:\/\/www.ocorreionews.com.br\/acervo-correio\/index.php?rest_route=\/wp\/v2\/users\/4"}],"replies":[{"embeddable":true,"href":"https:\/\/www.ocorreionews.com.br\/acervo-correio\/index.php?rest_route=%2Fwp%2Fv2%2Fcomments&post=239089"}],"version-history":[{"count":1,"href":"https:\/\/www.ocorreionews.com.br\/acervo-correio\/index.php?rest_route=\/wp\/v2\/posts\/239089\/revisions"}],"predecessor-version":[{"id":239116,"href":"https:\/\/www.ocorreionews.com.br\/acervo-correio\/index.php?rest_route=\/wp\/v2\/posts\/239089\/revisions\/239116"}],"wp:featuredmedia":[{"embeddable":true,"href":"https:\/\/www.ocorreionews.com.br\/acervo-correio\/index.php?rest_route=\/wp\/v2\/media\/239099"}],"wp:attachment":[{"href":"https:\/\/www.ocorreionews.com.br\/acervo-correio\/index.php?rest_route=%2Fwp%2Fv2%2Fmedia&parent=239089"}],"wp:term":[{"taxonomy":"category","embeddable":true,"href":"https:\/\/www.ocorreionews.com.br\/acervo-correio\/index.php?rest_route=%2Fwp%2Fv2%2Fcategories&post=239089"},{"taxonomy":"post_tag","embeddable":true,"href":"https:\/\/www.ocorreionews.com.br\/acervo-correio\/index.php?rest_route=%2Fwp%2Fv2%2Ftags&post=239089"}],"curies":[{"name":"wp","href":"https:\/\/api.w.org\/{rel}","templated":true}]}}