{"id":239094,"date":"2023-05-06T09:22:59","date_gmt":"2023-05-06T13:22:59","guid":{"rendered":"https:\/\/www.ocorreionews.com.br\/acervo-correio\/?p=239094"},"modified":"2023-05-06T09:22:59","modified_gmt":"2023-05-06T13:22:59","slug":"pauta-para-a-1413a-sessao-ordinaria-a-realizar-se-no-dia-08-de-maio","status":"publish","type":"post","link":"https:\/\/www.ocorreionews.com.br\/acervo-correio\/?p=239094","title":{"rendered":"Pauta para a 1413\u00aa sess\u00e3o ordin\u00e1ria, a realizar-se no dia 08 de maio"},"content":{"rendered":"<p><strong><u>PAUTA PARA A 1413\u00aa SESS\u00c3O ORDIN\u00c1RIA,<\/u><\/strong><\/p>\n<p><strong><u>DA 3\u00aa<\/u><\/strong> <strong><u>SESS\u00c3O<\/u><\/strong> <strong><u>LEGISLATIVA,<\/u><\/strong><\/p>\n<p><strong><u>DA 9\u00aa LEGISLATURA, A REALIZAR-SE<\/u><\/strong><\/p>\n<p><strong><u>NO DIA 08\/05\/2023 \u2013 SEGUNDA-FEIRA<\/u><\/strong><\/p>\n<p><strong><u>\u00c0s 19h \u2013 C\u00e2mara Municipal<\/u><\/strong><\/p>\n<p>&nbsp;<\/p>\n<p><strong><u>EXPEDIENTE DE VEREADORES<\/u><\/strong><\/p>\n<p>&nbsp;<\/p>\n<p><strong>Mensagem n\u00ba 04\/2023 ao PROJETO DE LEI N\u00ba 188, DE 05 DE MAIO DE 2023, VEREADOR TUCANO que <\/strong>\u201cRevoga a Lei 1307, de 11 de abril de 2022 e d\u00e1 outras provid\u00eancias\u201d.<\/p>\n<p>&nbsp;<\/p>\n<p><strong>Requerimento n\u00ba 123\/2023 Vereador Marcelo da Costa<\/strong><\/p>\n<p>REQUER-SE \u00e0 Mesa, com observ\u00e2ncia nas disposi\u00e7\u00f5es regimentais, o envio de Expediente ao Prefeito Municipal, Jo\u00e3o Roque Buzoli, com c\u00f3pia a Secret\u00e1rio de Obras, Transportes e Servi\u00e7os P\u00fablicos, Ivanor Zorzo, solicitando informa\u00e7\u00f5es acerca do pedido feito por este vereador para instala\u00e7\u00e3o de quatro redutores de velocidade (quebra molas) na Avenida Curitiba e um na Avenida Rio Grande do Norte. Gostaria de saber qual \u00e9 a posi\u00e7\u00e3o da Secretaria de Obras em rela\u00e7\u00e3o a este pedido, se a instala\u00e7\u00e3o dos redutores de velocidade est\u00e1 sendo considerada e quais s\u00e3o os procedimentos necess\u00e1rios para que essa medida seja implementada. Al\u00e9m disso, gostaria de saber se foi feita uma an\u00e1lise de viabilidade t\u00e9cnica para a instala\u00e7\u00e3o dos redutores de velocidade e se a Secretaria tem conhecimento de alguma outra medida que possa ser adotada para diminuir a velocidade dos ve\u00edculos na Avenida Curitiba.<\/p>\n<p>&nbsp;<\/p>\n<p><strong>Indica\u00e7\u00e3o n\u00ba 829\/2023 \u2013 Vereadora Alline Tontini<\/strong><\/p>\n<p>INDICA-SE, com observ\u00e2ncia nas disposi\u00e7\u00f5es regimentais, o envio de expediente ao Prefeito Municipal, Jo\u00e3o Roque Buzoli, com c\u00f3pia ao Diretor do DEMUTRAN, Pedro Lopes e ao Secret\u00e1rio de Obras, Transportes e Servi\u00e7os P\u00fablicos, Ivanor Zorzo, solicitando a implanta\u00e7\u00e3o de um redutor de velocidades (quebra-molas) na Rua Par\u00e1, entre as Ruas Tramanda\u00ed e Campo Bom.<\/p>\n<p>&nbsp;<\/p>\n<p><strong>Indica\u00e7\u00e3o n\u00ba 830\/2023 \u2013 Vereador Vanderson Cardoso<\/strong><\/p>\n<p>INDICA-SE, com observ\u00e2ncia nas disposi\u00e7\u00f5es regimentais, o envio de expediente ao Prefeito Municipal, Jo\u00e3o Roque Buzoli, com c\u00f3pia \u00e0 Secret\u00e1ria de Esportes e Juventude e Lazer, Alessandra Vanessa Schweter, solicitando a constru\u00e7\u00e3o de um campo de futebol society anexo \u00e0 quadra de areia j\u00e1 existente no bairro. O campo poderia ser constru\u00eddo com grama natural ou grama sint\u00e9tica, de acordo com as possibilidades e necessidades da Prefeitura Municipal.<\/p>\n<p>&nbsp;<\/p>\n<p><strong>Indica\u00e7\u00e3o n\u00ba 831\/2023 \u2013 Vereador Vanderson Cardoso<\/strong><\/p>\n<p>INDICA-SE, com observ\u00e2ncia nas disposi\u00e7\u00f5es regimentais, o envio de expediente ao Prefeito Municipal, Jo\u00e3o Roque Buzoli, com c\u00f3pia \u00e0 Secret\u00e1ria de Sa\u00fade, Mara N\u00fabia da Silva Soares, solicitando aten\u00e7\u00e3o especial para a troca da mob\u00edlia dos ESFs (Estrat\u00e9gias de Sa\u00fade da Fam\u00edlia) do munic\u00edpio. Recentemente, visitei algumas unidades de sa\u00fade e pude verificar que muitos m\u00f3veis se encontram em m\u00e1s condi\u00e7\u00f5es, o que compromete o atendimento aos pacientes e o bem-estar dos funcion\u00e1rios.<\/p>\n<p>&nbsp;<\/p>\n<p><strong>Indica\u00e7\u00e3o n\u00ba 832\/2023 \u2013 Vereador Vanderson Cardoso<\/strong><\/p>\n<p>INDICA-SE, com observ\u00e2ncia nas disposi\u00e7\u00f5es regimentais, o envio de expediente ao Prefeito Municipal, Jo\u00e3o Roque Buzoli, com c\u00f3pia \u00e0 Secret\u00e1ria de Sa\u00fade, Mara N\u00fabia da Silva Soares, solicitando que avalie a possibilidade de contratar uma segunda equipe de atendimento para o ESF Sibipiruna, com m\u00e9dico, dentista, enfermeiro e demais profissionais de sa\u00fade necess\u00e1rios para garantir um atendimento adequado e eficiente aos pacientes, uma vez que a demanda de atendimento na unidade tem sido muito elevada, o que tem gerado grandes filas de espera e dificuldades para que todos os pacientes possam ser atendidos de forma adequada.<\/p>\n<p>&nbsp;<\/p>\n<p><strong>Indica\u00e7\u00e3o n\u00ba 833\/2023 \u2013 Vereadora Professora Almira<\/strong><\/p>\n<p>INDICA-SE, com observ\u00e2ncia nas disposi\u00e7\u00f5es regimentais, o envio de expediente ao Prefeito Municipal, Jo\u00e3o Roque Buzoli, com c\u00f3pia ao Secret\u00e1rio de Obras, Transportes e Servi\u00e7os P\u00fablicos, Ivanor Zorzo, solicitando a implanta\u00e7\u00e3o de ilumina\u00e7\u00e3o p\u00fablica nas proximidades do Col\u00e9gio Maper, mais especificamente na Rua 13, entre as Ruas 22 e Avenida P14, e na Rua 24, entre a Rua 13 e Avenida Onze. Nessas \u00e1reas, a ilumina\u00e7\u00e3o \u00e9 insuficiente e compromete a seguran\u00e7a dos moradores e estudantes que transitam pelo local, principalmente durante a noite.<\/p>\n<p>&nbsp;<\/p>\n<p><strong>Indica\u00e7\u00e3o n\u00ba 834\/2023 \u2013 Vereador Vanderson Cardoso<\/strong><\/p>\n<p>INDICA-SE, com observ\u00e2ncia nas disposi\u00e7\u00f5es regimentais, o envio de expediente ao Prefeito Municipal, Jo\u00e3o Roque Buzoli, com c\u00f3pia \u00e0 Secret\u00e1ria de Sa\u00fade, Mara N\u00fabia da Silva Soares, solicitando a contrata\u00e7\u00e3o de um pacote de exames de Tomografia, para atender pelo menos 300 (trezentas) pessoas, j\u00e1 que, existem muitos mun\u00edcipes que est\u00e3o na fila de espera. Refor\u00e7ando a Indica\u00e7\u00e3o de n\u00ba 171\/2021 de autoria deste vereador.<\/p>\n<p>&nbsp;<\/p>\n<p><strong>Indica\u00e7\u00e3o n\u00ba 835\/2023 \u2013 Vereador Tucano<\/strong><\/p>\n<p>INDICA-SE, com observ\u00e2ncia nas disposi\u00e7\u00f5es regimentais, o envio de expediente ao Prefeito Municipal, Jo\u00e3o Roque Buzoli, com c\u00f3pia ao Secret\u00e1rio de Obras, Transportes e Servi\u00e7os P\u00fablicos, Ivanor Zorzo e ao Diretor do Demutran, Pedro Lopes, solicitando que avalie a possibilidade de implantar uma rotat\u00f3ria ou dispositivo adequado no entroncamento da Rua Brasil com a Avenida Rio Grande do Sul e MS 306, a fim de melhorar o fluxo de ve\u00edculos e garantir a seguran\u00e7a dos motoristas e pedestres que transitam pelo local.<\/p>\n<p>&nbsp;<\/p>\n<p><strong>Indica\u00e7\u00e3o n\u00ba 836\/2023 \u2013 Vereador Mika<\/strong><\/p>\n<p>INDICA-SE, com observ\u00e2ncia nas disposi\u00e7\u00f5es regimentais, o envio de expediente ao Prefeito Municipal, Jo\u00e3o Roque Buzoli, com c\u00f3pia ao Secret\u00e1rio de Obras, Transportes e Servi\u00e7os P\u00fablicos, Ivanor Zorzo, solicitando que avalie a possibilidade de realizar o microrrevestimento asf\u00e1ltico nas ruas da cidade que se encontram em m\u00e1s condi\u00e7\u00f5es de conserva\u00e7\u00e3o. Essa medida tem como objetivo recuperar o asfalto das vias, melhorando as condi\u00e7\u00f5es de trafegabilidade e garantindo mais seguran\u00e7a aos usu\u00e1rios da via.<\/p>\n<p>&nbsp;<\/p>\n<p><strong>Indica\u00e7\u00e3o n\u00ba 837\/2023 \u2013 Vereador Mika<\/strong><\/p>\n<p>INDICA-SE, com observ\u00e2ncia nas disposi\u00e7\u00f5es regimentais, o envio de expediente ao Prefeito Municipal, Jo\u00e3o Roque Buzoli, com c\u00f3pia ao Secret\u00e1rio de Obras, Transportes e Servi\u00e7os P\u00fablicos, Ivanor Zorzo, solicitando a pavimenta\u00e7\u00e3o asf\u00e1ltica da via de acesso \u00e0 CTR Central de Tratamento de Res\u00edduos de Chapad\u00e3o do Sul, a fim de melhorar as condi\u00e7\u00f5es de tr\u00e1fego e garantir mais seguran\u00e7a e conforto aos usu\u00e1rios da via.<\/p>\n<p>&nbsp;<\/p>\n<p><strong>Indica\u00e7\u00e3o n\u00ba 838\/2023 \u2013 Vereador Emerson Sapo<\/strong><\/p>\n<p>INDICA-SE, com observ\u00e2ncia nas disposi\u00e7\u00f5es regimentais, o envio de expediente ao Prefeito Municipal, Jo\u00e3o Roque Buzoli, com c\u00f3pia ao Secret\u00e1rio de Obras, Transportes e Servi\u00e7os P\u00fablicos, Ivanor Zorzo e ao Diretor do DEMUTRAN, Pedro Lopes solicitando a implanta\u00e7\u00e3o de uma faixa de pedestres elevada (lombofaixa) na Avenida Quatro, nas proximidades da Rua 23. Essa medida trar\u00e1 mais seguran\u00e7a para os pedestres que atravessam a via, uma vez que os ve\u00edculos ter\u00e3o que reduzir a velocidade para passar pela faixa elevada.<\/p>\n<p>&nbsp;<\/p>\n<p><strong>Indica\u00e7\u00e3o n\u00ba 839\/2023 \u2013 Vereador Andr\u00e9 dos Anjos<\/strong><\/p>\n<p>INDICA-SE, com observ\u00e2ncia nas disposi\u00e7\u00f5es regimentais, o envio de expediente ao Prefeito Municipal, Jo\u00e3o Roque Buzoli, com c\u00f3pia com c\u00f3pia \u00e0 Secret\u00e1ria de Sa\u00fade, Mara N\u00fabia da Silva Soares, solicitando a instala\u00e7\u00e3o de uma Unidade de Farm\u00e1cia 24 horas, no Hospital Municipal. Refor\u00e7ando a Indica\u00e7\u00e3o de n\u00ba 614\/2022 de autoria deste Vereador.<\/p>\n<p>&nbsp;<\/p>\n<p><strong>Indica\u00e7\u00e3o n\u00ba 840\/2023 \u2013 Vereador Andr\u00e9 dos Anjos<\/strong><\/p>\n<p>INDICA-SE, com observ\u00e2ncia nas disposi\u00e7\u00f5es regimentais, o envio de expediente ao Prefeito Municipal, Jo\u00e3o Roque Buzoli, com c\u00f3pia com c\u00f3pia ao Secret\u00e1rio de Desenvolvimento Econ\u00f4mico e Meio Ambiente, Jos\u00e9 Teixeira J\u00fanior, solicitando a reforma estrutural completa no Canil Municipal, incluindo pintura, manuten\u00e7\u00e3o el\u00e9trica, hidr\u00e1ulica e paisagismo. Essa reforma ir\u00e1 contribuir para a melhoria das condi\u00e7\u00f5es de vida dos animais, proporcionando um ambiente mais saud\u00e1vel e adequado \u00e0s suas necessidades.<\/p>\n<p>&nbsp;<\/p>\n<p><strong>Indica\u00e7\u00e3o n\u00ba 841\/2023 \u2013 Vereador Marcelo da Costa<\/strong><\/p>\n<p>INDICA-SE, com observ\u00e2ncia nas disposi\u00e7\u00f5es regimentais, o envio de expediente ao Prefeito Municipal, Jo\u00e3o Roque Buzoli, com c\u00f3pia com c\u00f3pia \u00e0 Secret\u00e1ria de Sa\u00fade, Mara N\u00fabia da Silva Soares, solicitando a troca da balan\u00e7a da triagem do ESF Sibipiruna, e a aquisi\u00e7\u00e3o de novos bancos ou cadeiras para a sala de espera da unidade.<\/p>\n<p>&nbsp;<\/p>\n<p><strong><u>ORDEM DO DIA<\/u><\/strong><\/p>\n<p>&nbsp;<\/p>\n<p><strong>Mensagem n\u00ba 012\/2023 ao PROJETO DE LEI N\u00ba 108, DE 27 DE MAR\u00c7O DE 2023.<\/strong> &#8220;Autoriza o Poder Executivo a realizar manuten\u00e7\u00f5es corretivas e preventivas em estradas rurais, compreendias como prim\u00e1rias, secund\u00e1rias e vicinais, vide art. 23 da Constitui\u00e7\u00e3o Federal e d\u00e1 outras provid\u00eancias\u201d.<\/p>\n<p><strong>Mensagem n\u00ba 020\/2023 ao PROJETO DE LEI N\u00ba 116\/2023 que <\/strong>\u201cConcede Subven\u00e7\u00e3o a CONSELHO MUNICIPAL DE SEGURAN\u00c7A e d\u00e1 outras provid\u00eancias\u201d.<\/p>\n<p><strong>Mensagem n\u00ba 021\/2023 do Executivo ao SUBSTITUTIVO AO PROJETO DE LEI N\u00ba 110, <\/strong>\u201cAltera descri\u00e7\u00e3o de itens a serem adquiridos, provenientes de Emendas Impositivas que especifica e d\u00e1 outras provid\u00eancias\u201d.<\/p>\n<p><strong>Mensagem n\u00ba 022\/2023 ao PROJETO DE LEI N\u00ba 117\/2023 que <\/strong>\u201cAltera a Lei n\u00ba 1.282, de 20 de outubro de 2021, modificando a denomina\u00e7\u00e3o do Programa Cr\u00e9dito F\u00e1cil\u201d.<\/p>\n<p>&nbsp;<\/p>\n<p>&nbsp;<\/p>\n<p><strong>SECRETARIA DAS SESS\u00d5ES, 05 DE MAIO DE 2023.<\/strong><\/p>\n<p>Natalia da Silva Leal Scheer,<\/p>\n<p>Diretora Parlamentar.<\/p>\n","protected":false},"excerpt":{"rendered":"<p>PAUTA PARA A 1413\u00aa SESS\u00c3O ORDIN\u00c1RIA, DA 3\u00aa SESS\u00c3O LEGISLATIVA, DA 9\u00aa LEGISLATURA, A REALIZAR-SE NO DIA 08\/05\/2023 \u2013 SEGUNDA-FEIRA \u00c0s 19h \u2013 C\u00e2mara Municipal &nbsp; EXPEDIENTE DE VEREADORES &nbsp; Mensagem n\u00ba 04\/2023 ao PROJETO DE LEI N\u00ba 188, DE 05 DE MAIO DE 2023, VEREADOR TUCANO que \u201cRevoga a Lei 1307, de 11 de [&hellip;]<\/p>\n","protected":false},"author":4,"featured_media":145733,"comment_status":"closed","ping_status":"closed","sticky":false,"template":"","format":"standard","meta":{"footnotes":""},"categories":[20,23],"tags":[],"class_list":["post-239094","post","type-post","status-publish","format-standard","has-post-thumbnail","hentry","category-camara-municipal","category-chapadao-do-sul"],"_links":{"self":[{"href":"https:\/\/www.ocorreionews.com.br\/acervo-correio\/index.php?rest_route=\/wp\/v2\/posts\/239094","targetHints":{"allow":["GET"]}}],"collection":[{"href":"https:\/\/www.ocorreionews.com.br\/acervo-correio\/index.php?rest_route=\/wp\/v2\/posts"}],"about":[{"href":"https:\/\/www.ocorreionews.com.br\/acervo-correio\/index.php?rest_route=\/wp\/v2\/types\/post"}],"author":[{"embeddable":true,"href":"https:\/\/www.ocorreionews.com.br\/acervo-correio\/index.php?rest_route=\/wp\/v2\/users\/4"}],"replies":[{"embeddable":true,"href":"https:\/\/www.ocorreionews.com.br\/acervo-correio\/index.php?rest_route=%2Fwp%2Fv2%2Fcomments&post=239094"}],"version-history":[{"count":1,"href":"https:\/\/www.ocorreionews.com.br\/acervo-correio\/index.php?rest_route=\/wp\/v2\/posts\/239094\/revisions"}],"predecessor-version":[{"id":239097,"href":"https:\/\/www.ocorreionews.com.br\/acervo-correio\/index.php?rest_route=\/wp\/v2\/posts\/239094\/revisions\/239097"}],"wp:featuredmedia":[{"embeddable":true,"href":"https:\/\/www.ocorreionews.com.br\/acervo-correio\/index.php?rest_route=\/wp\/v2\/media\/145733"}],"wp:attachment":[{"href":"https:\/\/www.ocorreionews.com.br\/acervo-correio\/index.php?rest_route=%2Fwp%2Fv2%2Fmedia&parent=239094"}],"wp:term":[{"taxonomy":"category","embeddable":true,"href":"https:\/\/www.ocorreionews.com.br\/acervo-correio\/index.php?rest_route=%2Fwp%2Fv2%2Fcategories&post=239094"},{"taxonomy":"post_tag","embeddable":true,"href":"https:\/\/www.ocorreionews.com.br\/acervo-correio\/index.php?rest_route=%2Fwp%2Fv2%2Ftags&post=239094"}],"curies":[{"name":"wp","href":"https:\/\/api.w.org\/{rel}","templated":true}]}}