{"id":239098,"date":"2023-05-06T09:31:30","date_gmt":"2023-05-06T13:31:30","guid":{"rendered":"https:\/\/www.ocorreionews.com.br\/acervo-correio\/?p=239098"},"modified":"2023-05-06T09:31:30","modified_gmt":"2023-05-06T13:31:30","slug":"ordem-do-dia-da-13a-sessao-ordinaria-a-se-realizar-nesta-segunda-feira-dia-08","status":"publish","type":"post","link":"https:\/\/www.ocorreionews.com.br\/acervo-correio\/?p=239098","title":{"rendered":"Ordem do Dia da 13\u00aa Sess\u00e3o Ordin\u00e1ria, \u00e0 se realizar nesta segunda-feira, dia 08"},"content":{"rendered":"<p>PARA\u00cdSO &#8211; ORDEM DO DIA XIII SESS\u00c3O LEGISLATIVA ORDIN\u00c1RIA DA C\u00c2MARA MUNICIPAL DE PARA\u00cdSO DAS \u00c1GUAS\u00a0 08 DE MAIO DE 2023 \u00c0S 19:00 HORAS.<\/p>\n<p>&#8211;\u00a0 PROJETO DE LEI N\u00ba 010, DE 14 DE ABRIL DE 2023, DE AUTORIA DO PODER EXECUTIVO \u201cESTABELECE CRIT\u00c9RIOS PARA DEFINIR QUAIS LOCAIS SER\u00c3O BENEFICIADOS COM O PROGRAMA PASSAGEM LIVRE E D\u00c1 OUTRAS PROVID\u00caNCIAS\u201d. EM SEGUNDA DISCUSS\u00c3O.<\/p>\n<p>&#8211; PROJETO DE LEI N\u00ba 012, DE 20 DE ABRIL DE 2023, DE AUTORIA DO PODER EXECUTIVO \u201cAUTORIZA O PODER EXECUTIVO MUNICIPAL A PROMOVER E PREMIAR OS VENCEDORES DO FESTIVAL GASTRON\u00d4MICO DE PARA\u00cdSO DAS \u00c1GUAS E D\u00c1 OUTRAS PROVID\u00caNCIAS\u201d. EM PRIMEIRA DISCUSS\u00c3O.<\/p>\n<p>&#8211; PROJETO DE LEI COMPLEMENTAR N\u00ba 002, DE 20 DE ABRIL DE 2023, DE AUTORIA DO PODER EXECUTIVO\u201d DISP\u00d5E SOBRE A ALTERA\u00c7\u00c3O DA LEI COMPLEMENTAR N\u00ba 032\/2016, E D\u00c1 OUTRAS PROVID\u00caNCIAS\u201d EM PRIMEIRA DISCUSS\u00c3O.<\/p>\n<p>&#8211;\u00a0 \u00a0PROJETO DE LEI COMPLEMENTAR N\u00ba 003, DE 20 DE ABRIL DE 2023, DE AUTORIA DO PODER EXECUTIVO\u201d DISP\u00d5E SOBRE A ALTERA\u00c7\u00c3O NA LEI COMPLEMENTAR N\u00ba 039\/2018, E D\u00c1 OUTRAS PROVID\u00caNCIAS\u201d EM PRIMEIRA DISCUSS\u00c3O.<\/p>\n<p>&#8211; PROJETO DE LEI N\u00ba 014, DE 27 DE ABRIL DE 2023, DE AUTORIA DO PODER EXECUTIVO \u201cDISP\u00d5E SOBRE A REVIS\u00c3O SALARIAL DOS SERVIDORES MUNICIPAIS E DOS AGENTES POL\u00cdTICOS DO MUNIC\u00cdPIO DE PARA\u00cdSO DAS \u00c1GUAS E D\u00c1 OUTRAS PROVID\u00caNCIAS\u201d. AS COMISS\u00d5ES COMPETENTES PARA AN\u00c1LISE E PARECER.<\/p>\n<p>&#8211; LEITURA DE INDICA\u00c7\u00d5ES<\/p>\n<p>VER. EDSON PRECHLAK DE LIMA<\/p>\n<p>PRESIDENTE<\/p>\n<p>VER. MARCOS A. COSTA E SILVA<\/p>\n<p>1\u00ba SECRET\u00c1RIO<\/p>\n","protected":false},"excerpt":{"rendered":"<p>PARA\u00cdSO &#8211; ORDEM DO DIA XIII SESS\u00c3O LEGISLATIVA ORDIN\u00c1RIA DA C\u00c2MARA MUNICIPAL DE PARA\u00cdSO DAS \u00c1GUAS\u00a0 08 DE MAIO DE 2023 \u00c0S 19:00 HORAS. &#8211;\u00a0 PROJETO DE LEI N\u00ba 010, DE 14 DE ABRIL DE 2023, DE AUTORIA DO PODER EXECUTIVO \u201cESTABELECE CRIT\u00c9RIOS PARA DEFINIR QUAIS LOCAIS SER\u00c3O BENEFICIADOS COM O PROGRAMA PASSAGEM LIVRE E [&hellip;]<\/p>\n","protected":false},"author":4,"featured_media":213930,"comment_status":"closed","ping_status":"closed","sticky":false,"template":"","format":"standard","meta":{"footnotes":""},"categories":[20],"tags":[],"class_list":["post-239098","post","type-post","status-publish","format-standard","has-post-thumbnail","hentry","category-camara-municipal"],"_links":{"self":[{"href":"https:\/\/www.ocorreionews.com.br\/acervo-correio\/index.php?rest_route=\/wp\/v2\/posts\/239098","targetHints":{"allow":["GET"]}}],"collection":[{"href":"https:\/\/www.ocorreionews.com.br\/acervo-correio\/index.php?rest_route=\/wp\/v2\/posts"}],"about":[{"href":"https:\/\/www.ocorreionews.com.br\/acervo-correio\/index.php?rest_route=\/wp\/v2\/types\/post"}],"author":[{"embeddable":true,"href":"https:\/\/www.ocorreionews.com.br\/acervo-correio\/index.php?rest_route=\/wp\/v2\/users\/4"}],"replies":[{"embeddable":true,"href":"https:\/\/www.ocorreionews.com.br\/acervo-correio\/index.php?rest_route=%2Fwp%2Fv2%2Fcomments&post=239098"}],"version-history":[{"count":1,"href":"https:\/\/www.ocorreionews.com.br\/acervo-correio\/index.php?rest_route=\/wp\/v2\/posts\/239098\/revisions"}],"predecessor-version":[{"id":239104,"href":"https:\/\/www.ocorreionews.com.br\/acervo-correio\/index.php?rest_route=\/wp\/v2\/posts\/239098\/revisions\/239104"}],"wp:featuredmedia":[{"embeddable":true,"href":"https:\/\/www.ocorreionews.com.br\/acervo-correio\/index.php?rest_route=\/wp\/v2\/media\/213930"}],"wp:attachment":[{"href":"https:\/\/www.ocorreionews.com.br\/acervo-correio\/index.php?rest_route=%2Fwp%2Fv2%2Fmedia&parent=239098"}],"wp:term":[{"taxonomy":"category","embeddable":true,"href":"https:\/\/www.ocorreionews.com.br\/acervo-correio\/index.php?rest_route=%2Fwp%2Fv2%2Fcategories&post=239098"},{"taxonomy":"post_tag","embeddable":true,"href":"https:\/\/www.ocorreionews.com.br\/acervo-correio\/index.php?rest_route=%2Fwp%2Fv2%2Ftags&post=239098"}],"curies":[{"name":"wp","href":"https:\/\/api.w.org\/{rel}","templated":true}]}}