{"id":239106,"date":"2023-05-06T09:36:23","date_gmt":"2023-05-06T13:36:23","guid":{"rendered":"https:\/\/www.ocorreionews.com.br\/acervo-correio\/?p=239106"},"modified":"2023-05-06T09:36:23","modified_gmt":"2023-05-06T13:36:23","slug":"paranaense-morre-em-acidente-na-ms-040-na-volta-da-pescaria","status":"publish","type":"post","link":"https:\/\/www.ocorreionews.com.br\/acervo-correio\/?p=239106","title":{"rendered":"Paranaense morre em acidente na MS-040 na volta da pescaria"},"content":{"rendered":"<div class=\"elementor-element elementor-element-33095f69 elementor-widget elementor-widget-theme-post-content\" data-id=\"33095f69\" data-element_type=\"widget\" data-widget_type=\"theme-post-content.default\">\n<div class=\"elementor-widget-container\">\n<p>Um grupo de amigos do Paran\u00e1 voltava de uma pescaria em Miranda, quando se envolveu em um acidente na MS-040. Um homem morreu e outras duas pessoas ficaram feridas na colis\u00e3o com uma anta na pista.<\/p>\n<p>De acordo com a Pol\u00edcia militar Rodovi\u00e1ria, quatro pessoas seguiam em uma caminhonete modelo Hilux quando se envolveram em um acidente com uma anta. Com o impacto, Jos\u00e9 Augusto Kronis, n\u00e3o resistiu aos ferimentos e morreu na hora.<\/p>\n<p>Outras tr\u00eas v\u00edtimas ficaram feridas e foram socorridas pelo Corpo de Bombeiros. Familiares da v\u00edtima contaram ao <strong>Jornal Midiamax<\/strong>, que o grupo de amigos estava em duas caminhonetes e voltava de uma pescaria em Miranda.<\/p>\n<p>Eles s\u00e3o moradores de S\u00e3o Jo\u00e3o da Boa Vista, no Paran\u00e1, que costumavam vir ao Estado pescar com frequ\u00eancia. Um dos que envolvidos no acidente, voltaria para pescar no Rio Paraguai na pr\u00f3xima semana.<\/p>\n<\/div>\n<p>Priscilla Peres &#8211; Midiamax<\/p>\n<\/div>\n","protected":false},"excerpt":{"rendered":"<p>Um grupo de amigos do Paran\u00e1 voltava de uma pescaria em Miranda, quando se envolveu em um acidente na MS-040. Um homem morreu e outras duas pessoas ficaram feridas na colis\u00e3o com uma anta na pista. De acordo com a Pol\u00edcia militar Rodovi\u00e1ria, quatro pessoas seguiam em uma caminhonete modelo Hilux quando se envolveram em [&hellip;]<\/p>\n","protected":false},"author":4,"featured_media":239109,"comment_status":"closed","ping_status":"closed","sticky":false,"template":"","format":"standard","meta":{"footnotes":""},"categories":[38],"tags":[],"class_list":["post-239106","post","type-post","status-publish","format-standard","has-post-thumbnail","hentry","category-policia"],"_links":{"self":[{"href":"https:\/\/www.ocorreionews.com.br\/acervo-correio\/index.php?rest_route=\/wp\/v2\/posts\/239106","targetHints":{"allow":["GET"]}}],"collection":[{"href":"https:\/\/www.ocorreionews.com.br\/acervo-correio\/index.php?rest_route=\/wp\/v2\/posts"}],"about":[{"href":"https:\/\/www.ocorreionews.com.br\/acervo-correio\/index.php?rest_route=\/wp\/v2\/types\/post"}],"author":[{"embeddable":true,"href":"https:\/\/www.ocorreionews.com.br\/acervo-correio\/index.php?rest_route=\/wp\/v2\/users\/4"}],"replies":[{"embeddable":true,"href":"https:\/\/www.ocorreionews.com.br\/acervo-correio\/index.php?rest_route=%2Fwp%2Fv2%2Fcomments&post=239106"}],"version-history":[{"count":1,"href":"https:\/\/www.ocorreionews.com.br\/acervo-correio\/index.php?rest_route=\/wp\/v2\/posts\/239106\/revisions"}],"predecessor-version":[{"id":239110,"href":"https:\/\/www.ocorreionews.com.br\/acervo-correio\/index.php?rest_route=\/wp\/v2\/posts\/239106\/revisions\/239110"}],"wp:featuredmedia":[{"embeddable":true,"href":"https:\/\/www.ocorreionews.com.br\/acervo-correio\/index.php?rest_route=\/wp\/v2\/media\/239109"}],"wp:attachment":[{"href":"https:\/\/www.ocorreionews.com.br\/acervo-correio\/index.php?rest_route=%2Fwp%2Fv2%2Fmedia&parent=239106"}],"wp:term":[{"taxonomy":"category","embeddable":true,"href":"https:\/\/www.ocorreionews.com.br\/acervo-correio\/index.php?rest_route=%2Fwp%2Fv2%2Fcategories&post=239106"},{"taxonomy":"post_tag","embeddable":true,"href":"https:\/\/www.ocorreionews.com.br\/acervo-correio\/index.php?rest_route=%2Fwp%2Fv2%2Ftags&post=239106"}],"curies":[{"name":"wp","href":"https:\/\/api.w.org\/{rel}","templated":true}]}}