{"id":239111,"date":"2023-05-06T09:57:27","date_gmt":"2023-05-06T13:57:27","guid":{"rendered":"https:\/\/www.ocorreionews.com.br\/acervo-correio\/?p=239111"},"modified":"2023-05-06T10:00:47","modified_gmt":"2023-05-06T14:00:47","slug":"ultimos-dias-do-primeiro-lote-das-credenciais-da-29a-exposul-corra-e-garanta-a-sua","status":"publish","type":"post","link":"https:\/\/www.ocorreionews.com.br\/acervo-correio\/?p=239111","title":{"rendered":"\u00daltimos dias do primeiro lote das credenciais da 29\u00aa Exposul. Corra e garanta a sua!"},"content":{"rendered":"<p>O Sindicato Rural de Chapad\u00e3o do Sul, iniciou as vendas das credenciais da 29\u00aa Exposul no \u00faltimo dia 06 de abril, exatamente um m\u00eas atr\u00e1s, e voc\u00ea que ainda n\u00e3o garantiu a sua, corra e garanta sua, pois restam poucos dias para adquiri-las antes que aumente.<\/p>\n<p>A 29\u00aa Exposul \u2013 Exposi\u00e7\u00e3o Agropecu\u00e1ria e Industrial de Chapad\u00e3o do Sul, acontece de 07 a 11 de junho.<\/p>\n<p>A <strong>credencial para todos os dias da festa, est\u00e1 vendida ao valor \u00e9 de R$220,00, podendo ser dividido em at\u00e9 3x no cart\u00e3o de cr\u00e9dito.<\/strong><\/p>\n<p><strong>E neste ano para facilitar, foram colocados v\u00e1rios pontos de vendas distribu\u00eddos na cidade, veja quais:<\/strong><\/p>\n<ul>\n<li><strong>Drogaria Chapad\u00e3o, localizada na Rua Curi\u00f3s, N\u00ba 267, Bairro Esplanada III.<\/strong><\/li>\n<li><strong>Fast Compras, localizada na Avenida Oito, N\u00ba 918, Bairro Centro.<\/strong><\/li>\n<li><strong>Sindicato Rural, localizado na Avenida Brasil Leste, N\u00ba 853, Bairro Flamboyant.<\/strong><\/li>\n<li><strong>Loggi Cell, localizada na Avenida Goi\u00e1s, N\u00ba 719, Bairro Sibipiruna.<\/strong><\/li>\n<li><strong>Rede Minas Farma, localizada na Avenida Oito, N\u00ba 761, Bairro Centro e Avenida Mato Grosso do Sul, N\u00ba 831, Bairro Flamboyant<\/strong><\/li>\n<\/ul>\n<p>Para este ano a festa contar\u00e1 com grandes novidades no recinto de exposi\u00e7\u00e3o, como, Arena-show, onde o p\u00fablico assistir\u00e1 o rodeio e os shows no mesmo local, constru\u00e7\u00e3o de uma entrada para festa na Avenida Goi\u00e1s e um novo portal na entrada principal que fica na Rua Brasil, uma nova pra\u00e7a de alimenta\u00e7\u00e3o, amplia\u00e7\u00e3o da boate Rancho Drink\u2019s e ainda sendo constru\u00eddo novos banheiros com frald\u00e1rio.<\/p>\n<p>Shows<\/p>\n<p>Foi montada uma grade de shows com artistas renomados, confira abaixo:<\/p>\n<ul>\n<li>Dia 07\/06 \u2013 Quarta-feira (V\u00e9spera de Feriado): Guilherme &amp; Benuto<br \/>\n\u2022 Dia 08\/06 \u2013 Quinta-feira (Feriado de Corpus Christi): Israel &amp; Rodolfo<br \/>\n\u2022 Dia 09\/06 \u2013 Sextas-feiras: Fernando &amp; Sorocaba<br \/>\n\u2022 Dia 10\/06 \u2013 S\u00e1bado: Projeto Boate Azul com as duplas Gian &amp; Giovani e Edson &amp; Hudson<br \/>\n\u2022 Dia 11\/06 \u2013 Domingo: Final do rodeio profissional, queima de fogos e apresenta\u00e7\u00e3o do piloto de Motocross estilo livre de manobras radicais Joaninha.<\/li>\n<\/ul>\n<p><a href=\"https:\/\/www.ocorreionews.com.br\/acervo-correio\/wp-content\/uploads\/2023\/04\/Cartaz-Oficia-29a-Exposul.jpg\"><img loading=\"lazy\" decoding=\"async\" class=\"wp-image-238852 aligncenter\" src=\"https:\/\/www.ocorreionews.com.br\/acervo-correio\/wp-content\/uploads\/2023\/04\/Cartaz-Oficia-29a-Exposul.jpg\" alt=\"\" width=\"635\" height=\"861\" srcset=\"https:\/\/www.ocorreionews.com.br\/acervo-correio\/wp-content\/uploads\/2023\/04\/Cartaz-Oficia-29a-Exposul.jpg 1181w, https:\/\/www.ocorreionews.com.br\/acervo-correio\/wp-content\/uploads\/2023\/04\/Cartaz-Oficia-29a-Exposul-221x300.jpg 221w, https:\/\/www.ocorreionews.com.br\/acervo-correio\/wp-content\/uploads\/2023\/04\/Cartaz-Oficia-29a-Exposul-756x1024.jpg 756w, https:\/\/www.ocorreionews.com.br\/acervo-correio\/wp-content\/uploads\/2023\/04\/Cartaz-Oficia-29a-Exposul-768x1040.jpg 768w, https:\/\/www.ocorreionews.com.br\/acervo-correio\/wp-content\/uploads\/2023\/04\/Cartaz-Oficia-29a-Exposul-1134x1536.jpg 1134w\" sizes=\"auto, (max-width: 635px) 100vw, 635px\" \/><\/a><\/p>\n","protected":false},"excerpt":{"rendered":"<p>O Sindicato Rural de Chapad\u00e3o do Sul, iniciou as vendas das credenciais da 29\u00aa Exposul no \u00faltimo dia 06 de abril, exatamente um m\u00eas atr\u00e1s, e voc\u00ea que ainda n\u00e3o garantiu a sua, corra e garanta sua, pois restam poucos dias para adquiri-las antes que aumente. A 29\u00aa Exposul \u2013 Exposi\u00e7\u00e3o Agropecu\u00e1ria e Industrial de [&hellip;]<\/p>\n","protected":false},"author":5,"featured_media":238851,"comment_status":"closed","ping_status":"closed","sticky":false,"template":"","format":"standard","meta":{"footnotes":""},"categories":[23,41],"tags":[],"class_list":["post-239111","post","type-post","status-publish","format-standard","has-post-thumbnail","hentry","category-chapadao-do-sul","category-destaque"],"_links":{"self":[{"href":"https:\/\/www.ocorreionews.com.br\/acervo-correio\/index.php?rest_route=\/wp\/v2\/posts\/239111","targetHints":{"allow":["GET"]}}],"collection":[{"href":"https:\/\/www.ocorreionews.com.br\/acervo-correio\/index.php?rest_route=\/wp\/v2\/posts"}],"about":[{"href":"https:\/\/www.ocorreionews.com.br\/acervo-correio\/index.php?rest_route=\/wp\/v2\/types\/post"}],"author":[{"embeddable":true,"href":"https:\/\/www.ocorreionews.com.br\/acervo-correio\/index.php?rest_route=\/wp\/v2\/users\/5"}],"replies":[{"embeddable":true,"href":"https:\/\/www.ocorreionews.com.br\/acervo-correio\/index.php?rest_route=%2Fwp%2Fv2%2Fcomments&post=239111"}],"version-history":[{"count":1,"href":"https:\/\/www.ocorreionews.com.br\/acervo-correio\/index.php?rest_route=\/wp\/v2\/posts\/239111\/revisions"}],"predecessor-version":[{"id":239114,"href":"https:\/\/www.ocorreionews.com.br\/acervo-correio\/index.php?rest_route=\/wp\/v2\/posts\/239111\/revisions\/239114"}],"wp:featuredmedia":[{"embeddable":true,"href":"https:\/\/www.ocorreionews.com.br\/acervo-correio\/index.php?rest_route=\/wp\/v2\/media\/238851"}],"wp:attachment":[{"href":"https:\/\/www.ocorreionews.com.br\/acervo-correio\/index.php?rest_route=%2Fwp%2Fv2%2Fmedia&parent=239111"}],"wp:term":[{"taxonomy":"category","embeddable":true,"href":"https:\/\/www.ocorreionews.com.br\/acervo-correio\/index.php?rest_route=%2Fwp%2Fv2%2Fcategories&post=239111"},{"taxonomy":"post_tag","embeddable":true,"href":"https:\/\/www.ocorreionews.com.br\/acervo-correio\/index.php?rest_route=%2Fwp%2Fv2%2Ftags&post=239111"}],"curies":[{"name":"wp","href":"https:\/\/api.w.org\/{rel}","templated":true}]}}