{"id":239169,"date":"2023-05-08T08:05:41","date_gmt":"2023-05-08T12:05:41","guid":{"rendered":"https:\/\/www.ocorreionews.com.br\/acervo-correio\/?p=239169"},"modified":"2023-05-08T08:05:41","modified_gmt":"2023-05-08T12:05:41","slug":"governo-do-estado-lanca-programa-ms-saude-que-vai-combater-filas-por-exames-e-cirurgias","status":"publish","type":"post","link":"https:\/\/www.ocorreionews.com.br\/acervo-correio\/?p=239169","title":{"rendered":"Governo do Estado lan\u00e7a programa MS Sa\u00fade que vai combater filas por exames e cirurgias"},"content":{"rendered":"<div class=\"elementor-element elementor-element-430b617 elementor-widget elementor-widget-theme-post-content\" data-id=\"430b617\" data-element_type=\"widget\" data-widget_type=\"theme-post-content.default\">\n<div class=\"elementor-widget-container\">\n<p>Com uma meta de atender a demanda reprimida de 15 mil cirurgias eletivas em diversas especialidades e 42,5 mil exames diagn\u00f3sticos, o governador Eduardo Riedel lan\u00e7a hoje<\/p>\n<p><a href=\"https:\/\/correiocampograndense.com.br\/author\/kiko\/\"><span class=\"elementor-icon-list-text elementor-post-info__item elementor-post-info__item--type-author\">Henrique Portilho <\/span><\/a> (8) o Programa \u201cMS Sa\u00fade: Mais Sa\u00fade, Menos Fila\u201d.<\/p>\n<p>Com um\u00a0 investimento de R$ 45 milh\u00f5es de recursos pr\u00f3prios e R$ 7,9 milh\u00f5es de recursos federais, o Governo do Estado vai levar consultas, exames e cirurgias \u00e0 popula\u00e7\u00e3o dos 79 munic\u00edpios de Mato Grosso do Sul. Prefeituras e estabelecimentos de sa\u00fade poder\u00e3o fazer ades\u00e3o ao programa.<\/p>\n<p><strong>O lan\u00e7amento do programa ser\u00e1 \u00e0s 16 horas na quadra de esportes do Hospital S\u00e3o Juli\u00e3o (Rua Lino Vilacha, 1.250, em Campo Grande).<\/strong><\/p>\n<p><a href=\"https:\/\/correiocampograndense.com.br\/author\/kiko\/\"><span class=\"elementor-icon-list-text elementor-post-info__item elementor-post-info__item--type-author\">Henrique Portilho <\/span><\/a>correiocampograndense<\/p>\n<\/div>\n<\/div>\n","protected":false},"excerpt":{"rendered":"<p>Com uma meta de atender a demanda reprimida de 15 mil cirurgias eletivas em diversas especialidades e 42,5 mil exames diagn\u00f3sticos, o governador Eduardo Riedel lan\u00e7a hoje Henrique Portilho (8) o Programa \u201cMS Sa\u00fade: Mais Sa\u00fade, Menos Fila\u201d. Com um\u00a0 investimento de R$ 45 milh\u00f5es de recursos pr\u00f3prios e R$ 7,9 milh\u00f5es de recursos federais, [&hellip;]<\/p>\n","protected":false},"author":4,"featured_media":150854,"comment_status":"closed","ping_status":"closed","sticky":false,"template":"","format":"standard","meta":{"footnotes":""},"categories":[39],"tags":[],"class_list":["post-239169","post","type-post","status-publish","format-standard","has-post-thumbnail","hentry","category-saude"],"_links":{"self":[{"href":"https:\/\/www.ocorreionews.com.br\/acervo-correio\/index.php?rest_route=\/wp\/v2\/posts\/239169","targetHints":{"allow":["GET"]}}],"collection":[{"href":"https:\/\/www.ocorreionews.com.br\/acervo-correio\/index.php?rest_route=\/wp\/v2\/posts"}],"about":[{"href":"https:\/\/www.ocorreionews.com.br\/acervo-correio\/index.php?rest_route=\/wp\/v2\/types\/post"}],"author":[{"embeddable":true,"href":"https:\/\/www.ocorreionews.com.br\/acervo-correio\/index.php?rest_route=\/wp\/v2\/users\/4"}],"replies":[{"embeddable":true,"href":"https:\/\/www.ocorreionews.com.br\/acervo-correio\/index.php?rest_route=%2Fwp%2Fv2%2Fcomments&post=239169"}],"version-history":[{"count":1,"href":"https:\/\/www.ocorreionews.com.br\/acervo-correio\/index.php?rest_route=\/wp\/v2\/posts\/239169\/revisions"}],"predecessor-version":[{"id":239180,"href":"https:\/\/www.ocorreionews.com.br\/acervo-correio\/index.php?rest_route=\/wp\/v2\/posts\/239169\/revisions\/239180"}],"wp:featuredmedia":[{"embeddable":true,"href":"https:\/\/www.ocorreionews.com.br\/acervo-correio\/index.php?rest_route=\/wp\/v2\/media\/150854"}],"wp:attachment":[{"href":"https:\/\/www.ocorreionews.com.br\/acervo-correio\/index.php?rest_route=%2Fwp%2Fv2%2Fmedia&parent=239169"}],"wp:term":[{"taxonomy":"category","embeddable":true,"href":"https:\/\/www.ocorreionews.com.br\/acervo-correio\/index.php?rest_route=%2Fwp%2Fv2%2Fcategories&post=239169"},{"taxonomy":"post_tag","embeddable":true,"href":"https:\/\/www.ocorreionews.com.br\/acervo-correio\/index.php?rest_route=%2Fwp%2Fv2%2Ftags&post=239169"}],"curies":[{"name":"wp","href":"https:\/\/api.w.org\/{rel}","templated":true}]}}