{"id":239175,"date":"2023-05-08T07:59:52","date_gmt":"2023-05-08T11:59:52","guid":{"rendered":"https:\/\/www.ocorreionews.com.br\/acervo-correio\/?p=239175"},"modified":"2023-05-08T07:59:52","modified_gmt":"2023-05-08T11:59:52","slug":"para-maior-seguranca-cheques-terao-mudancas-a-partir-de-2-de-outubro","status":"publish","type":"post","link":"https:\/\/www.ocorreionews.com.br\/acervo-correio\/?p=239175","title":{"rendered":"Para maior seguran\u00e7a, cheques ter\u00e3o mudan\u00e7as a partir de 2 de outubro"},"content":{"rendered":"<p>Os cheques adotar\u00e3o, a partir do dia 2 de outubro, um novo padr\u00e3o. A medida anunciada pelo Banco Central pretende modernizar e dar mais seguran\u00e7a ao uso deste instrumento de pagamento. Segundo a autoridade monet\u00e1ria, as mudan\u00e7as dificultar\u00e3o a falsifica\u00e7\u00e3o de cheques.<\/p>\n<p>A principal mudan\u00e7a citada pelo BC \u00e9 a transfer\u00eancia de regula\u00e7\u00e3o do modelo-padr\u00e3o dos cheques para as institui\u00e7\u00f5es financeiras. At\u00e9 ent\u00e3o, cabia ao BC fazer essa regula\u00e7\u00e3o, que define as caracter\u00edsticas do modelo adotado.<\/p>\n<p>Os ajustes ter\u00e3o de ser comunicados ao BC 30 dias antes de serem implementados. A expectativa, no entanto, \u00e9 a de que n\u00e3o ocorram mudan\u00e7as significativas, uma vez que isso representaria custos elevados de adapta\u00e7\u00e3o.<\/p>\n<h3><strong>Nome social<\/strong><\/h3>\n<p>Outra novidade \u00e9 a possibilidade de uso do nome social nas folhas do tal\u00e3o de cheque, a exemplo do que j\u00e1 \u00e9 feito no Pix. Para tanto, basta o usu\u00e1rio entrar em contato com seu banco.<\/p>\n<p>Com rela\u00e7\u00e3o ao Grupo Consultivo Para Assuntos de Compensa\u00e7\u00e3o, o Grupo Compe, institu\u00eddo para opinar sobre quest\u00f5es relativas ao servi\u00e7o de compensa\u00e7\u00e3o de cheques, o BC deixar\u00e1 de ser membro permanente, passando a ter papel de observador neste colegiado.<\/p>\n<p>\u201cA modifica\u00e7\u00e3o do papel do Banco Central n\u00e3o implicar\u00e1 em qualquer risco de descontinuidade \u00e0s atividades desse grupo, possibilitando maior efici\u00eancia ao delimitar a atua\u00e7\u00e3o direta da autarquia nos assuntos que sejam de sua compet\u00eancia\u201d, justificou o BC ao informar que o representante da institui\u00e7\u00e3o participar\u00e1 de reuni\u00f5es e atividades do grupo apenas quando for preciso.<\/p>\n<p>Apesar de os cheques serem cada vez menos utilizados (houve redu\u00e7\u00e3o de 97% em 27 anos), o BC registrou movimenta\u00e7\u00e3o de R$ 667 bilh\u00f5es pela modalidade em 2021; e de R$ 666 bilh\u00f5es em 2022.<\/p>\n<p>Mais informa\u00e7\u00f5es sobre as mudan\u00e7as que entrar\u00e3o em vigor em outubro podem ser obtidas no site do BC. <a href=\"https:\/\/www.bcb.gov.br\/meubc\/faqs\/s\/cheques\" target=\"_blank\" rel=\"noopener noreferrer nofollow dofollow\"><strong>Para acess\u00e1-las, clique aqui<\/strong><\/a><strong>.<\/strong><\/p>\n<p>&nbsp;<\/p>\n<p>&nbsp;<\/p>\n<p>*Ag\u00eancia Brasil<\/p>\n","protected":false},"excerpt":{"rendered":"<p>Os cheques adotar\u00e3o, a partir do dia 2 de outubro, um novo padr\u00e3o. A medida anunciada pelo Banco Central pretende modernizar e dar mais seguran\u00e7a ao uso deste instrumento de pagamento. Segundo a autoridade monet\u00e1ria, as mudan\u00e7as dificultar\u00e3o a falsifica\u00e7\u00e3o de cheques. A principal mudan\u00e7a citada pelo BC \u00e9 a transfer\u00eancia de regula\u00e7\u00e3o do modelo-padr\u00e3o [&hellip;]<\/p>\n","protected":false},"author":5,"featured_media":127726,"comment_status":"closed","ping_status":"closed","sticky":false,"template":"","format":"standard","meta":{"footnotes":""},"categories":[26],"tags":[],"class_list":["post-239175","post","type-post","status-publish","format-standard","has-post-thumbnail","hentry","category-economia"],"_links":{"self":[{"href":"https:\/\/www.ocorreionews.com.br\/acervo-correio\/index.php?rest_route=\/wp\/v2\/posts\/239175","targetHints":{"allow":["GET"]}}],"collection":[{"href":"https:\/\/www.ocorreionews.com.br\/acervo-correio\/index.php?rest_route=\/wp\/v2\/posts"}],"about":[{"href":"https:\/\/www.ocorreionews.com.br\/acervo-correio\/index.php?rest_route=\/wp\/v2\/types\/post"}],"author":[{"embeddable":true,"href":"https:\/\/www.ocorreionews.com.br\/acervo-correio\/index.php?rest_route=\/wp\/v2\/users\/5"}],"replies":[{"embeddable":true,"href":"https:\/\/www.ocorreionews.com.br\/acervo-correio\/index.php?rest_route=%2Fwp%2Fv2%2Fcomments&post=239175"}],"version-history":[{"count":1,"href":"https:\/\/www.ocorreionews.com.br\/acervo-correio\/index.php?rest_route=\/wp\/v2\/posts\/239175\/revisions"}],"predecessor-version":[{"id":239176,"href":"https:\/\/www.ocorreionews.com.br\/acervo-correio\/index.php?rest_route=\/wp\/v2\/posts\/239175\/revisions\/239176"}],"wp:featuredmedia":[{"embeddable":true,"href":"https:\/\/www.ocorreionews.com.br\/acervo-correio\/index.php?rest_route=\/wp\/v2\/media\/127726"}],"wp:attachment":[{"href":"https:\/\/www.ocorreionews.com.br\/acervo-correio\/index.php?rest_route=%2Fwp%2Fv2%2Fmedia&parent=239175"}],"wp:term":[{"taxonomy":"category","embeddable":true,"href":"https:\/\/www.ocorreionews.com.br\/acervo-correio\/index.php?rest_route=%2Fwp%2Fv2%2Fcategories&post=239175"},{"taxonomy":"post_tag","embeddable":true,"href":"https:\/\/www.ocorreionews.com.br\/acervo-correio\/index.php?rest_route=%2Fwp%2Fv2%2Ftags&post=239175"}],"curies":[{"name":"wp","href":"https:\/\/api.w.org\/{rel}","templated":true}]}}