{"id":239177,"date":"2023-05-08T08:02:35","date_gmt":"2023-05-08T12:02:35","guid":{"rendered":"https:\/\/www.ocorreionews.com.br\/acervo-correio\/?p=239177"},"modified":"2023-05-08T08:02:35","modified_gmt":"2023-05-08T12:02:35","slug":"com-baixa-adesao-dos-grupos-prioritarios-costa-rica-amplia-vacinacao-da-gripe-a-partir-de-15-de-maio","status":"publish","type":"post","link":"https:\/\/www.ocorreionews.com.br\/acervo-correio\/?p=239177","title":{"rendered":"Com baixa ades\u00e3o dos grupos priorit\u00e1rios, Costa Rica amplia vacina\u00e7\u00e3o da gripe a partir de 15 de maio"},"content":{"rendered":"<div class=\"ntc_cont_descricao_noticia sw_txteditor\">Devido \u00e0 baixa ades\u00e3o dos grupos priorit\u00e1rios \u00e0 vacina\u00e7\u00e3o da Influenza, Mato Grosso do Sul decidiu ampliar o grupo para qualquer pessoa com mais de 6 meses de idade, a partir do dia 15 de maio, das 8h \u00e0s 17 horas em todas as ESFs (Estrat\u00e9gias de Sa\u00fade da Fam\u00edlia) de Costa Rica.<\/p>\n<p>A cobertura atual da vacina\u00e7\u00e3o \u00e9 de apenas 18,73% dos que j\u00e1 podem se vacinar no Estado. Em Costa Rica, at\u00e9 o momento, pouco mais de 26,07% ou seja, 2.456 pessoas foram imunizadas.<\/p>\n<p>A amplia\u00e7\u00e3o do grupo \u00e9 justificada pelo aumento de doen\u00e7as de transmiss\u00e3o respirat\u00f3ria, a import\u00e2ncia da vacina\u00e7\u00e3o como medida preventiva e a chegada das temperaturas mais baixas que favorecem a dissemina\u00e7\u00e3o dos v\u00edrus causadores de infec\u00e7\u00f5es respirat\u00f3rias.<\/p>\n<p>O estoque de doses represadas nos munic\u00edpios tamb\u00e9m contribuiu para a decis\u00e3o de ampliar a oferta da vacina.<\/p>\n<p>A decis\u00e3o foi divulgada na \u00faltima quinta-feira (4), por meio de publica\u00e7\u00e3o do Di\u00e1rio Oficial de Mato Grosso do Sul (DOE-MS).<\/p>\n<\/div>\n<div class=\"ntc_area_info_noticia sw_lato\">\n<div>\n<div class=\"ntc_info_noticia\"><strong class=\"sw_lato_black\">Fonte: <\/strong>Assessoria de Comunica\u00e7\u00e3o &#8211; PMCR,<strong class=\"sw_lato_black\">\u00a0<\/strong>Silvestre de Castro<\/div>\n<\/div>\n<\/div>\n","protected":false},"excerpt":{"rendered":"<p>Devido \u00e0 baixa ades\u00e3o dos grupos priorit\u00e1rios \u00e0 vacina\u00e7\u00e3o da Influenza, Mato Grosso do Sul decidiu ampliar o grupo para qualquer pessoa com mais de 6 meses de idade, a partir do dia 15 de maio, das 8h \u00e0s 17 horas em todas as ESFs (Estrat\u00e9gias de Sa\u00fade da Fam\u00edlia) de Costa Rica. A cobertura [&hellip;]<\/p>\n","protected":false},"author":5,"featured_media":235726,"comment_status":"closed","ping_status":"closed","sticky":false,"template":"","format":"standard","meta":{"footnotes":""},"categories":[25],"tags":[],"class_list":["post-239177","post","type-post","status-publish","format-standard","has-post-thumbnail","hentry","category-costa-rica"],"_links":{"self":[{"href":"https:\/\/www.ocorreionews.com.br\/acervo-correio\/index.php?rest_route=\/wp\/v2\/posts\/239177","targetHints":{"allow":["GET"]}}],"collection":[{"href":"https:\/\/www.ocorreionews.com.br\/acervo-correio\/index.php?rest_route=\/wp\/v2\/posts"}],"about":[{"href":"https:\/\/www.ocorreionews.com.br\/acervo-correio\/index.php?rest_route=\/wp\/v2\/types\/post"}],"author":[{"embeddable":true,"href":"https:\/\/www.ocorreionews.com.br\/acervo-correio\/index.php?rest_route=\/wp\/v2\/users\/5"}],"replies":[{"embeddable":true,"href":"https:\/\/www.ocorreionews.com.br\/acervo-correio\/index.php?rest_route=%2Fwp%2Fv2%2Fcomments&post=239177"}],"version-history":[{"count":1,"href":"https:\/\/www.ocorreionews.com.br\/acervo-correio\/index.php?rest_route=\/wp\/v2\/posts\/239177\/revisions"}],"predecessor-version":[{"id":239178,"href":"https:\/\/www.ocorreionews.com.br\/acervo-correio\/index.php?rest_route=\/wp\/v2\/posts\/239177\/revisions\/239178"}],"wp:featuredmedia":[{"embeddable":true,"href":"https:\/\/www.ocorreionews.com.br\/acervo-correio\/index.php?rest_route=\/wp\/v2\/media\/235726"}],"wp:attachment":[{"href":"https:\/\/www.ocorreionews.com.br\/acervo-correio\/index.php?rest_route=%2Fwp%2Fv2%2Fmedia&parent=239177"}],"wp:term":[{"taxonomy":"category","embeddable":true,"href":"https:\/\/www.ocorreionews.com.br\/acervo-correio\/index.php?rest_route=%2Fwp%2Fv2%2Fcategories&post=239177"},{"taxonomy":"post_tag","embeddable":true,"href":"https:\/\/www.ocorreionews.com.br\/acervo-correio\/index.php?rest_route=%2Fwp%2Fv2%2Ftags&post=239177"}],"curies":[{"name":"wp","href":"https:\/\/api.w.org\/{rel}","templated":true}]}}