{"id":239179,"date":"2023-05-08T08:19:00","date_gmt":"2023-05-08T12:19:00","guid":{"rendered":"https:\/\/www.ocorreionews.com.br\/acervo-correio\/?p=239179"},"modified":"2023-05-08T08:19:00","modified_gmt":"2023-05-08T12:19:00","slug":"dois-homens-brigam-e-se-esfaqueiam-ate-a-morte-em-ms","status":"publish","type":"post","link":"https:\/\/www.ocorreionews.com.br\/acervo-correio\/?p=239179","title":{"rendered":"Dois homens brigam e se esfaqueiam at\u00e9 a morte em MS"},"content":{"rendered":"<p>Dois homens morreram na noite deste domingo (7), ap\u00f3s brigarem em um im\u00f3vel, na Rua Clotilde Chaia, no Bairro Moreninhas, em Campo Grande. Uma pessoa que tentou interferir na briga acabou ferida e foi socorrida pelo Corpo de Bombeiros. O caso foi registrado como homic\u00eddio simples.<\/p>\n<p>O boletim de ocorr\u00eancia discorre informa\u00e7\u00f5es da sobrinha de uma das v\u00edtimas. Ela contou que chegou na casa, por volta das 23h34, e encontrou o tio, Ismael Oliveira Benites brigando com outro homem, identificado como Wellington Moreira de Souza.<\/p>\n<p>A sobrinha tentou intervir na briga, mas acabou ferida de faca no bra\u00e7o. Quando a pol\u00edcia chegou, os dois homens j\u00e1 estavam mortos no im\u00f3vel. Uma faca, que estava na m\u00e3o de Wellington, foi apreendida. M\u00e9dico do Corpo de Bombeiros constatou os \u00f3bitos.<\/p>\n<p>Ainda n\u00e3o h\u00e1 informa\u00e7\u00f5es sobre a motiva\u00e7\u00e3o da briga e nem se os envolvidos eram amigos. O caso foi registrado na Depac (Delegacia de Pronto Atendimento Comunit\u00e1rio) do Cepol, em Campo Grande.<\/p>\n<p>&nbsp;<\/p>\n<p>Por Dayene Paz &#8211;\u00a0 CAMPO GRANDE NEWS<\/p>\n","protected":false},"excerpt":{"rendered":"<p>Dois homens morreram na noite deste domingo (7), ap\u00f3s brigarem em um im\u00f3vel, na Rua Clotilde Chaia, no Bairro Moreninhas, em Campo Grande. Uma pessoa que tentou interferir na briga acabou ferida e foi socorrida pelo Corpo de Bombeiros. O caso foi registrado como homic\u00eddio simples. O boletim de ocorr\u00eancia discorre informa\u00e7\u00f5es da sobrinha de [&hellip;]<\/p>\n","protected":false},"author":5,"featured_media":239182,"comment_status":"closed","ping_status":"closed","sticky":false,"template":"","format":"standard","meta":{"footnotes":""},"categories":[38],"tags":[],"class_list":["post-239179","post","type-post","status-publish","format-standard","has-post-thumbnail","hentry","category-policia"],"_links":{"self":[{"href":"https:\/\/www.ocorreionews.com.br\/acervo-correio\/index.php?rest_route=\/wp\/v2\/posts\/239179","targetHints":{"allow":["GET"]}}],"collection":[{"href":"https:\/\/www.ocorreionews.com.br\/acervo-correio\/index.php?rest_route=\/wp\/v2\/posts"}],"about":[{"href":"https:\/\/www.ocorreionews.com.br\/acervo-correio\/index.php?rest_route=\/wp\/v2\/types\/post"}],"author":[{"embeddable":true,"href":"https:\/\/www.ocorreionews.com.br\/acervo-correio\/index.php?rest_route=\/wp\/v2\/users\/5"}],"replies":[{"embeddable":true,"href":"https:\/\/www.ocorreionews.com.br\/acervo-correio\/index.php?rest_route=%2Fwp%2Fv2%2Fcomments&post=239179"}],"version-history":[{"count":1,"href":"https:\/\/www.ocorreionews.com.br\/acervo-correio\/index.php?rest_route=\/wp\/v2\/posts\/239179\/revisions"}],"predecessor-version":[{"id":239183,"href":"https:\/\/www.ocorreionews.com.br\/acervo-correio\/index.php?rest_route=\/wp\/v2\/posts\/239179\/revisions\/239183"}],"wp:featuredmedia":[{"embeddable":true,"href":"https:\/\/www.ocorreionews.com.br\/acervo-correio\/index.php?rest_route=\/wp\/v2\/media\/239182"}],"wp:attachment":[{"href":"https:\/\/www.ocorreionews.com.br\/acervo-correio\/index.php?rest_route=%2Fwp%2Fv2%2Fmedia&parent=239179"}],"wp:term":[{"taxonomy":"category","embeddable":true,"href":"https:\/\/www.ocorreionews.com.br\/acervo-correio\/index.php?rest_route=%2Fwp%2Fv2%2Fcategories&post=239179"},{"taxonomy":"post_tag","embeddable":true,"href":"https:\/\/www.ocorreionews.com.br\/acervo-correio\/index.php?rest_route=%2Fwp%2Fv2%2Ftags&post=239179"}],"curies":[{"name":"wp","href":"https:\/\/api.w.org\/{rel}","templated":true}]}}