{"id":239374,"date":"2023-05-10T14:00:57","date_gmt":"2023-05-10T18:00:57","guid":{"rendered":"https:\/\/www.ocorreionews.com.br\/acervo-correio\/?p=239374"},"modified":"2023-05-10T14:09:56","modified_gmt":"2023-05-10T18:09:56","slug":"com-4-shows-nacionais-confirmadoscomeca-amanha-a-2a-edicao-da-expo-rica","status":"publish","type":"post","link":"https:\/\/www.ocorreionews.com.br\/acervo-correio\/?p=239374","title":{"rendered":"Com 4 shows nacionais e entrada franca, come\u00e7a nesta quinta a 2\u00aa Expo Rica"},"content":{"rendered":"<p>Ap\u00f3s se consagrar logo na 1\u00aa edi\u00e7\u00e3o como uma das maiores feiras agropecu\u00e1rias da regi\u00e3o e, a 2\u00aa Expo Rica &#8211;\u00a0 Exposi\u00e7\u00e3o Agropecu\u00e1ria de Costa Rica, acontece de 11 a 14 de maio, a partir das 18 horas, no Parque de Exposi\u00e7\u00e3o Laerte Paes Coelho,\u00a0 , que integra as comemora\u00e7\u00f5es pelos 43 anos de emancipa\u00e7\u00e3o pol\u00edtico-administrativa do munic\u00edpio.<\/p>\n<p>A entrada \u00e9 gratuita com doa\u00e7\u00e3o facultativa de um quilo de alimento n\u00e3o perec\u00edvel.<\/p>\n<p>Realizado pelo Clube de La\u00e7o Tr\u00eas Divisas, a exposi\u00e7\u00e3o agropecu\u00e1ria de Costa Rica conta com apoio da Prefeitura Municipal, Governo do Estado, C\u00e2mara de Vereadores, SETESCC (Secretaria de Estado de Turismo, Esporte, Cultura e Cidadania), Funda\u00e7\u00e3o de Cultura de Mato Grosso do Sul, Sindicato Rural de Costa Rica, Corpo de Bombeiros, Conselho Tutelar e das Pol\u00edcias Civil e Militar.<\/p>\n<p>\u201cA valoriza\u00e7\u00e3o cultural e hist\u00f3rica de uma comunidade \u00e9 instrumento essencial na constru\u00e7\u00e3o de uma sociedade consolidada e preparada para o futuro. Esse resgate cultural ficou evidente na primeira edi\u00e7\u00e3o da Expo Rica que, mais uma vez com apoio do Poder P\u00fablico, se prepara para ser ainda melhor este ano\u201d, adianta o prefeito de Costa Rica, delegado Cleverson Alves dos Santos.<\/p>\n<p>A Expo Rica 2023 contar\u00e1 com exposi\u00e7\u00f5es de agroneg\u00f3cios e tecnologias, rodeio, estrutura com \u00e1reas cobertas, pra\u00e7a de alimenta\u00e7\u00e3o com apresenta\u00e7\u00e3o de pratas da casa, cavalgada e queima do alho, parque de divers\u00f5es, concurso de rainha da festa e madrinha dos pe\u00f5es<\/p>\n<p>O s shows s\u00e3o os seguintes<\/p>\n<ul>\n<li><strong>Falamansa (11\/05), <\/strong><\/li>\n<li><strong>Murilo Huff (12\/05), <\/strong><\/li>\n<li><strong>Humberto e Ronaldo (13\/05)\u00a0<\/strong><\/li>\n<li><strong> Almir Sater (14\/05).<\/strong><\/li>\n<\/ul>\n<p>A premia\u00e7\u00e3o para o rodeio em touros e cavalos chega a R$ 70 mil em dinheiro com locu\u00e7\u00f5es de Piracicabano, Helinho Para\u00edso, Rodolfo Silva, Edmar Goiano e Wellington WP.<\/p>\n<p><strong>CAMAROTES<\/strong><br \/>\nOs camarotes do evento contam com espa\u00e7o amplo, agrad\u00e1vel e bar exclusivo e podem ser adquiridos na Loja do CREC, localizada na avenida Jos\u00e9 Ferreira da Costa, 1775, Centro, ou online na\u00a0<a href=\"https:\/\/bilheteriadigital.com\/2-expo-rica-camarote-exclusive-11-de-maio\">bilheteria digital<\/a>.<\/p>\n<p><strong>TRANSPORTE P\u00daBLICO GRATUITO<\/strong><\/p>\n<p>Para as quatro noites de festa, ser\u00e3o disponibilizadas duas linhas de transporte p\u00fablico gratuito que circular\u00e3o por pontos e hor\u00e1rios estrat\u00e9gicos.\u00a0Os \u00f4nibus saem do Centro de Eventos Ramez Tebet, percorrem as avenidas \u2018J\u2019 e Jos\u00e9 Ferreira da Costa at\u00e9 o Parque de Exposi\u00e7\u00e3o.<\/p>\n<p><strong>Confira os hor\u00e1rios de funcionamento dos \u00f4nibus para a festa:<\/strong><\/p>\n<p><strong>Ida<\/strong><br \/>\n&#8211; Quinta, Sexta e S\u00e1bado (Saindo do Ramez Tebet): \u00e0s 20 horas, 21 horas, 22 horas e 23 horas;<br \/>\n&#8211; Domingo (Saindo do Ramez Tebet): \u00e0s 19 horas, 20 horas e 21 horas;<br \/>\n<strong><br \/>\nVolta<\/strong><br \/>\n&#8211; Quinta, Sexta e S\u00e1bado (Saindo do Parque de Exposi\u00e7\u00e3o): \u00e0 1h30; 2h30; 3h30 e 4 horas;<br \/>\n&#8211; Domingo (Saindo do Parque de Exposi\u00e7\u00e3o): \u00e0s 23h30; 0h30; 1h30 e 2 horas.<\/p>\n<p><a href=\"https:\/\/www.ocorreionews.com.br\/acervo-correio\/wp-content\/uploads\/2023\/04\/2a-Expo-Rica.jpg\"><img loading=\"lazy\" decoding=\"async\" class=\"alignnone  wp-image-236051\" src=\"https:\/\/www.ocorreionews.com.br\/acervo-correio\/wp-content\/uploads\/2023\/04\/2a-Expo-Rica.jpg\" alt=\"\" width=\"582\" height=\"444\" srcset=\"https:\/\/www.ocorreionews.com.br\/acervo-correio\/wp-content\/uploads\/2023\/04\/2a-Expo-Rica.jpg 795w, https:\/\/www.ocorreionews.com.br\/acervo-correio\/wp-content\/uploads\/2023\/04\/2a-Expo-Rica-300x229.jpg 300w, https:\/\/www.ocorreionews.com.br\/acervo-correio\/wp-content\/uploads\/2023\/04\/2a-Expo-Rica-768x585.jpg 768w\" sizes=\"auto, (max-width: 582px) 100vw, 582px\" \/><\/a><\/p>\n<p><img loading=\"lazy\" decoding=\"async\" class=\"\" src=\"https:\/\/www.costarica.ms.gov.br\/fotos\/1d71eb6be06232e8d9a73f6f2a02e64e.jpg\" alt=\"Foto Noticia Principal Grande\" width=\"580\" height=\"821\" \/><\/p>\n<p>Com informa\u00e7\u00f5es Assecom PMCR<\/p>\n","protected":false},"excerpt":{"rendered":"<p>Ap\u00f3s se consagrar logo na 1\u00aa edi\u00e7\u00e3o como uma das maiores feiras agropecu\u00e1rias da regi\u00e3o e, a 2\u00aa Expo Rica &#8211;\u00a0 Exposi\u00e7\u00e3o Agropecu\u00e1ria de Costa Rica, acontece de 11 a 14 de maio, a partir das 18 horas, no Parque de Exposi\u00e7\u00e3o Laerte Paes Coelho,\u00a0 , que integra as comemora\u00e7\u00f5es pelos 43 anos de emancipa\u00e7\u00e3o [&hellip;]<\/p>\n","protected":false},"author":4,"featured_media":238905,"comment_status":"closed","ping_status":"closed","sticky":false,"template":"","format":"standard","meta":{"footnotes":""},"categories":[25,41],"tags":[],"class_list":["post-239374","post","type-post","status-publish","format-standard","has-post-thumbnail","hentry","category-costa-rica","category-destaque"],"_links":{"self":[{"href":"https:\/\/www.ocorreionews.com.br\/acervo-correio\/index.php?rest_route=\/wp\/v2\/posts\/239374","targetHints":{"allow":["GET"]}}],"collection":[{"href":"https:\/\/www.ocorreionews.com.br\/acervo-correio\/index.php?rest_route=\/wp\/v2\/posts"}],"about":[{"href":"https:\/\/www.ocorreionews.com.br\/acervo-correio\/index.php?rest_route=\/wp\/v2\/types\/post"}],"author":[{"embeddable":true,"href":"https:\/\/www.ocorreionews.com.br\/acervo-correio\/index.php?rest_route=\/wp\/v2\/users\/4"}],"replies":[{"embeddable":true,"href":"https:\/\/www.ocorreionews.com.br\/acervo-correio\/index.php?rest_route=%2Fwp%2Fv2%2Fcomments&post=239374"}],"version-history":[{"count":1,"href":"https:\/\/www.ocorreionews.com.br\/acervo-correio\/index.php?rest_route=\/wp\/v2\/posts\/239374\/revisions"}],"predecessor-version":[{"id":239444,"href":"https:\/\/www.ocorreionews.com.br\/acervo-correio\/index.php?rest_route=\/wp\/v2\/posts\/239374\/revisions\/239444"}],"wp:featuredmedia":[{"embeddable":true,"href":"https:\/\/www.ocorreionews.com.br\/acervo-correio\/index.php?rest_route=\/wp\/v2\/media\/238905"}],"wp:attachment":[{"href":"https:\/\/www.ocorreionews.com.br\/acervo-correio\/index.php?rest_route=%2Fwp%2Fv2%2Fmedia&parent=239374"}],"wp:term":[{"taxonomy":"category","embeddable":true,"href":"https:\/\/www.ocorreionews.com.br\/acervo-correio\/index.php?rest_route=%2Fwp%2Fv2%2Fcategories&post=239374"},{"taxonomy":"post_tag","embeddable":true,"href":"https:\/\/www.ocorreionews.com.br\/acervo-correio\/index.php?rest_route=%2Fwp%2Fv2%2Ftags&post=239374"}],"curies":[{"name":"wp","href":"https:\/\/api.w.org\/{rel}","templated":true}]}}