{"id":239399,"date":"2023-05-10T07:16:45","date_gmt":"2023-05-10T11:16:45","guid":{"rendered":"https:\/\/www.ocorreionews.com.br\/acervo-correio\/?p=239399"},"modified":"2023-05-10T07:16:45","modified_gmt":"2023-05-10T11:16:45","slug":"ciclista-invade-avenida-e-e-atropelada-por-carro-em-costa-rica","status":"publish","type":"post","link":"https:\/\/www.ocorreionews.com.br\/acervo-correio\/?p=239399","title":{"rendered":"Ciclista invade avenida e \u00e9 atropelada por carro em Costa Rica"},"content":{"rendered":"<p>Na tarde desta ter\u00e7a-feira (09), uma ciclista foi atropelada por um ve\u00edculo GM Agile na Avenida Vereador Kendi Nakai, no bairro Jardim das Oliveiras, em Costa Rica.<\/p>\n<p>Segundo o motorista, que seguia normalmente pela avenida, a ciclista cruzou repentinamente a via, sendo atingida pelo seu ve\u00edculo. Com o impacto, a v\u00edtima foi arremessada contra o para-brisa do carro e caiu no ch\u00e3o. Ela teria atravessava a avenida para seguir pela rua Dezessete de Junho quando o acidente aconteceu.<\/p>\n<p>O Corpo de Bombeiros foi acionado e socorreu a ciclista, levando-a para a Funda\u00e7\u00e3o Hospitalar com escoria\u00e7\u00f5es pelo corpo e reclamando de fortes dores nas costas. O motorista saiu ileso e permaneceu no local at\u00e9 a chegada dos militares.<\/p>\n<p>&nbsp;<\/p>\n<p><span class=\"data fz12 black uppercase\"> Fonte: MS Todo Dia <\/span><\/p>\n","protected":false},"excerpt":{"rendered":"<p>Na tarde desta ter\u00e7a-feira (09), uma ciclista foi atropelada por um ve\u00edculo GM Agile na Avenida Vereador Kendi Nakai, no bairro Jardim das Oliveiras, em Costa Rica. Segundo o motorista, que seguia normalmente pela avenida, a ciclista cruzou repentinamente a via, sendo atingida pelo seu ve\u00edculo. Com o impacto, a v\u00edtima foi arremessada contra o [&hellip;]<\/p>\n","protected":false},"author":5,"featured_media":239400,"comment_status":"closed","ping_status":"closed","sticky":false,"template":"","format":"standard","meta":{"footnotes":""},"categories":[25,38],"tags":[],"class_list":["post-239399","post","type-post","status-publish","format-standard","has-post-thumbnail","hentry","category-costa-rica","category-policia"],"_links":{"self":[{"href":"https:\/\/www.ocorreionews.com.br\/acervo-correio\/index.php?rest_route=\/wp\/v2\/posts\/239399","targetHints":{"allow":["GET"]}}],"collection":[{"href":"https:\/\/www.ocorreionews.com.br\/acervo-correio\/index.php?rest_route=\/wp\/v2\/posts"}],"about":[{"href":"https:\/\/www.ocorreionews.com.br\/acervo-correio\/index.php?rest_route=\/wp\/v2\/types\/post"}],"author":[{"embeddable":true,"href":"https:\/\/www.ocorreionews.com.br\/acervo-correio\/index.php?rest_route=\/wp\/v2\/users\/5"}],"replies":[{"embeddable":true,"href":"https:\/\/www.ocorreionews.com.br\/acervo-correio\/index.php?rest_route=%2Fwp%2Fv2%2Fcomments&post=239399"}],"version-history":[{"count":1,"href":"https:\/\/www.ocorreionews.com.br\/acervo-correio\/index.php?rest_route=\/wp\/v2\/posts\/239399\/revisions"}],"predecessor-version":[{"id":239401,"href":"https:\/\/www.ocorreionews.com.br\/acervo-correio\/index.php?rest_route=\/wp\/v2\/posts\/239399\/revisions\/239401"}],"wp:featuredmedia":[{"embeddable":true,"href":"https:\/\/www.ocorreionews.com.br\/acervo-correio\/index.php?rest_route=\/wp\/v2\/media\/239400"}],"wp:attachment":[{"href":"https:\/\/www.ocorreionews.com.br\/acervo-correio\/index.php?rest_route=%2Fwp%2Fv2%2Fmedia&parent=239399"}],"wp:term":[{"taxonomy":"category","embeddable":true,"href":"https:\/\/www.ocorreionews.com.br\/acervo-correio\/index.php?rest_route=%2Fwp%2Fv2%2Fcategories&post=239399"},{"taxonomy":"post_tag","embeddable":true,"href":"https:\/\/www.ocorreionews.com.br\/acervo-correio\/index.php?rest_route=%2Fwp%2Fv2%2Ftags&post=239399"}],"curies":[{"name":"wp","href":"https:\/\/api.w.org\/{rel}","templated":true}]}}