{"id":239403,"date":"2023-05-10T07:28:15","date_gmt":"2023-05-10T11:28:15","guid":{"rendered":"https:\/\/www.ocorreionews.com.br\/acervo-correio\/?p=239403"},"modified":"2023-05-10T07:28:15","modified_gmt":"2023-05-10T11:28:15","slug":"municipios-ja-podem-solicitar-adesao-ao-projeto-ms-saude-mais-saude-menos-fila","status":"publish","type":"post","link":"https:\/\/www.ocorreionews.com.br\/acervo-correio\/?p=239403","title":{"rendered":"Munic\u00edpios j\u00e1 podem solicitar ades\u00e3o ao Projeto MS Sa\u00fade: Mais Sa\u00fade, Menos Fila"},"content":{"rendered":"<p>O Governo do Estado, por meio da SES (Secretaria de Estado de Sa\u00fade), publicou, em edi\u00e7\u00e3o extra no Di\u00e1rio Oficial do Estado, a resolu\u00e7\u00e3o que disp\u00f5e sobre o Plano Estadual de Redu\u00e7\u00e3o das Filas de Cirurgias Eletivas e amplia\u00e7\u00e3o do acesso aos procedimentos cir\u00fargicos eletivos e exames com finalidade diagn\u00f3stica no \u00e2mbito do SUS (Sistema \u00fanico de Sa\u00fade), por meio do Projeto MS Sa\u00fade: Mais Sa\u00fade, Menos Fila.<\/p>\n<p>A ades\u00e3o ao projeto compete \u00e0s secretarias municipais de sa\u00fade, juntamente com os estabelecimentos de sa\u00fade contratualizados ou contratados pelo SUS, encaminhando \u00e0 SES proposta dos procedimentos ofertados e \u2018Declara\u00e7\u00e3o de Ades\u00e3o\u2019. Os documentos enviados devem conter estimativa com a quantidade de procedimentos a serem executados por m\u00eas e o quantitativo total a ser realizado no per\u00edodo de maio de 2023 a abril de 2024.\u00a0 O prazo para envio da documenta\u00e7\u00e3o come\u00e7ou nesta ter\u00e7a-feira (9) e vai at\u00e9 segunda-feira (15).<\/p>\n<p>O in\u00edcio da execu\u00e7\u00e3o dos procedimentos cir\u00fargicos e exames com finalidade diagn\u00f3stica somente poder\u00e3o ocorrer ap\u00f3s a assinatura do \u2018Termo Aditivo\u2019 ou contrato com a unidade executante, publicado em Di\u00e1rio Oficial.<\/p>\n<p>A SES far\u00e1 o acompanhamento e monitoramento das metas pactuadas e qualidade do servi\u00e7o prestado aos usu\u00e1rios do SUS para a avalia\u00e7\u00e3o e o acompanhamento dos crit\u00e9rios de qualifica\u00e7\u00e3o. Al\u00e9m disso, ser\u00e1 realizada pesquisa de satisfa\u00e7\u00e3o aos usu\u00e1rios atendidos, com intuito de avaliar o servi\u00e7o prestado e desfecho dos procedimentos.<\/p>\n<p>Para conferir todos os crit\u00e9rios para ades\u00e3o, cirurgias eletivas e exames diagn\u00f3sticos dispon\u00edveis, <a href=\"http:\/\/agenciadenoticias.ms.gov.br\/wp-content\/uploads\/sites\/152\/2023\/05\/MS-SAUDE-ANEXO.pdf\" target=\"_blank\" rel=\"noopener\">clique aqui<\/a>.<\/p>\n<p><strong>MS Sa\u00fade \u2013 Mais Sa\u00fade, Menos Fila\u00a0<\/strong><\/p>\n<p>Lan\u00e7ado nesta segunda-feira (8), <a href=\"http:\/\/agenciadenoticias.ms.gov.br\/ano-1-governo-lanca-o-programa-ms-saude-com-destaque-para-cirurgias-reparadoras-preventivas-de-bullying\/\" target=\"_blank\" rel=\"noopener\">o Projeto MS Sa\u00fade: Mais Sa\u00fade, Menos Fila<\/a> tem o objetivo de reduzir as filas e levar consultas, exames e cirurgias \u00e0 popula\u00e7\u00e3o dos 79 munic\u00edpios de Mato Grosso do Sul.<\/p>\n<p>Ser\u00e3o investidos no programa R$ 45 milh\u00f5es em recursos estaduais e R$7,9 milh\u00f5es em recursos federais. A popula\u00e7\u00e3o poder\u00e1 contar com a oferta de cirurgias eletivas nas especialidades de oftalmologia, otorrinolaringologia, cirurgia vascular, cirurgia geral, ortopedia, ginecologia, urologia e cirurgia reparadora. Em meio aos exames diagn\u00f3sticos est\u00e3o a resson\u00e2ncia magn\u00e9tica com contraste, resson\u00e2ncia magn\u00e9tica (seda\u00e7\u00e3o), tomografia computadorizada, endoscopia, densitometria, eletrocardiograma, ecocardiograma transtor\u00e1cico, ultrassonografia, entre outros.<\/p>\n<p>A grande novidade e diferencial do programa ser\u00e3o as cirurgias reparadoras voltadas para pr\u00e9-adolescentes e jovens v\u00edtimas de bullying. Com o intuito de diminuir a evas\u00e3o escolar decorrente dessa situa\u00e7\u00e3o, o Governo do Estado, em uma parceria entre as secretarias de Estado de Sa\u00fade e Educa\u00e7\u00e3o, oferecer\u00e1 as seguintes cirurgias pl\u00e1sticas reparadoras: cirurgia mam\u00e1ria feminina n\u00e3o est\u00e9tica; pl\u00e1stica mam\u00e1ria masculina; e tratamento cir\u00fargico n\u00e3o est\u00e9tico da orelha. Nesse rol de cirurgias preventivas de <em>bullying<\/em> ser\u00e3o inclu\u00eddos 30 encaminhamentos para corre\u00e7\u00e3o de estrabismo que est\u00e3o na lista de espera da \u00e1rea oftalmol\u00f3gica.<\/p>\n<p><em>Kamilla Ratier, SES<\/em><\/p>\n","protected":false},"excerpt":{"rendered":"<p>O Governo do Estado, por meio da SES (Secretaria de Estado de Sa\u00fade), publicou, em edi\u00e7\u00e3o extra no Di\u00e1rio Oficial do Estado, a resolu\u00e7\u00e3o que disp\u00f5e sobre o Plano Estadual de Redu\u00e7\u00e3o das Filas de Cirurgias Eletivas e amplia\u00e7\u00e3o do acesso aos procedimentos cir\u00fargicos eletivos e exames com finalidade diagn\u00f3stica no \u00e2mbito do SUS (Sistema [&hellip;]<\/p>\n","protected":false},"author":5,"featured_media":239313,"comment_status":"closed","ping_status":"closed","sticky":false,"template":"","format":"standard","meta":{"footnotes":""},"categories":[37,39],"tags":[],"class_list":["post-239403","post","type-post","status-publish","format-standard","has-post-thumbnail","hentry","category-politica","category-saude"],"_links":{"self":[{"href":"https:\/\/www.ocorreionews.com.br\/acervo-correio\/index.php?rest_route=\/wp\/v2\/posts\/239403","targetHints":{"allow":["GET"]}}],"collection":[{"href":"https:\/\/www.ocorreionews.com.br\/acervo-correio\/index.php?rest_route=\/wp\/v2\/posts"}],"about":[{"href":"https:\/\/www.ocorreionews.com.br\/acervo-correio\/index.php?rest_route=\/wp\/v2\/types\/post"}],"author":[{"embeddable":true,"href":"https:\/\/www.ocorreionews.com.br\/acervo-correio\/index.php?rest_route=\/wp\/v2\/users\/5"}],"replies":[{"embeddable":true,"href":"https:\/\/www.ocorreionews.com.br\/acervo-correio\/index.php?rest_route=%2Fwp%2Fv2%2Fcomments&post=239403"}],"version-history":[{"count":1,"href":"https:\/\/www.ocorreionews.com.br\/acervo-correio\/index.php?rest_route=\/wp\/v2\/posts\/239403\/revisions"}],"predecessor-version":[{"id":239404,"href":"https:\/\/www.ocorreionews.com.br\/acervo-correio\/index.php?rest_route=\/wp\/v2\/posts\/239403\/revisions\/239404"}],"wp:featuredmedia":[{"embeddable":true,"href":"https:\/\/www.ocorreionews.com.br\/acervo-correio\/index.php?rest_route=\/wp\/v2\/media\/239313"}],"wp:attachment":[{"href":"https:\/\/www.ocorreionews.com.br\/acervo-correio\/index.php?rest_route=%2Fwp%2Fv2%2Fmedia&parent=239403"}],"wp:term":[{"taxonomy":"category","embeddable":true,"href":"https:\/\/www.ocorreionews.com.br\/acervo-correio\/index.php?rest_route=%2Fwp%2Fv2%2Fcategories&post=239403"},{"taxonomy":"post_tag","embeddable":true,"href":"https:\/\/www.ocorreionews.com.br\/acervo-correio\/index.php?rest_route=%2Fwp%2Fv2%2Ftags&post=239403"}],"curies":[{"name":"wp","href":"https:\/\/api.w.org\/{rel}","templated":true}]}}