{"id":239413,"date":"2023-05-10T08:49:12","date_gmt":"2023-05-10T12:49:12","guid":{"rendered":"https:\/\/www.ocorreionews.com.br\/acervo-correio\/?p=239413"},"modified":"2023-05-10T18:08:45","modified_gmt":"2023-05-10T22:08:45","slug":"luto-faleceu-o-produtor-rural-e-pioneiro-de-chapadao-do-sul-rudi-joao-henrichsen","status":"publish","type":"post","link":"https:\/\/www.ocorreionews.com.br\/acervo-correio\/?p=239413","title":{"rendered":"LUTO: Faleceu o produtor rural e pioneiro de Chapad\u00e3o do Sul Rudi Jo\u00e3o Henrichsen"},"content":{"rendered":"<p>Faleceu na madrugada desta quarta-feira (10), na cidade de Campo Grande, o produtor rural da comunidade da Pedra Branca em Chapad\u00e3o do Sul Rudi Jo\u00e3o Henrichsen, 88 anos.<\/p>\n<p>Rudi estava internado em um Hospital da Capital j\u00e1 algum tempo fazendo tratamento de sa\u00fade, por problemas card\u00edacos, mas acabou vindo a falecer nesta quarta-feira.<\/p>\n<p>Os atos f\u00fanebres est\u00e3o marcados para come\u00e7ar ao meio-dia na Veladoria Municipal e o sepultamento acontecer\u00e1 as 18 horas, no cemit\u00e9rio local.<\/p>\n<p>Rudi era solteiro e morou com os irm\u00e3os Ivo e Walder, na Pedra Branca, desde o ano de 1975, in\u00edcio do assentamento rural, vindos de Cruzeiro do Sul (RS). Ele e os irm\u00e3os, assim como outros agricultores da \u00e9poca, come\u00e7aram a agricultura na Pedra Branca, com a planta\u00e7\u00e3o de arroz e, em seguida, a soja, mas foi no milho que se destacaram.<\/p>\n<p>Liderados tecnicamente por Rudi, cultivaram a primeira lavoura comercial de milho nos anos oitenta, j\u00e1 prevendo a necessidade de rota\u00e7\u00e3o de cultura. Antes mesmo dos anos noventa, Rudi foi campe\u00e3o estadual de milho Agroceres. Em outubro de 2011 Rudi recebeu uma homenagem da C\u00e2mara de Vereadores de Chapad\u00e3o do Sul pelo seu pioneirismo tamb\u00e9m no plantio direto, at\u00e9 hoje considerada a melhor pr\u00e1tica agr\u00edcola para a sustentabilidade da agricultura. Ele ainda foi s\u00f3cio fundador da Funda\u00e7\u00e3o Chapad\u00e3o.<\/p>\n<p>Al\u00e9m de Ivo e Walder, Rudi deixa a cunhada Gladir, os sobrinhos Ilton Henrichsen, ex-vereador e atual presidente da Funda\u00e7\u00e3o Chapad\u00e3o, e Mauro. Deixa ainda o irm\u00e3o Werner, morador no Paran\u00e1.<\/p>\n<p>&nbsp;<\/p>\n<p>&nbsp;<\/p>\n<p>O Correio News, com informa\u00e7\u00f5es Jovem Sul News<\/p>\n","protected":false},"excerpt":{"rendered":"<p>Faleceu na madrugada desta quarta-feira (10), na cidade de Campo Grande, o produtor rural da comunidade da Pedra Branca em Chapad\u00e3o do Sul Rudi Jo\u00e3o Henrichsen, 88 anos. Rudi estava internado em um Hospital da Capital j\u00e1 algum tempo fazendo tratamento de sa\u00fade, por problemas card\u00edacos, mas acabou vindo a falecer nesta quarta-feira. Os atos [&hellip;]<\/p>\n","protected":false},"author":5,"featured_media":239419,"comment_status":"closed","ping_status":"closed","sticky":false,"template":"","format":"standard","meta":{"footnotes":""},"categories":[23],"tags":[],"class_list":["post-239413","post","type-post","status-publish","format-standard","has-post-thumbnail","hentry","category-chapadao-do-sul"],"_links":{"self":[{"href":"https:\/\/www.ocorreionews.com.br\/acervo-correio\/index.php?rest_route=\/wp\/v2\/posts\/239413","targetHints":{"allow":["GET"]}}],"collection":[{"href":"https:\/\/www.ocorreionews.com.br\/acervo-correio\/index.php?rest_route=\/wp\/v2\/posts"}],"about":[{"href":"https:\/\/www.ocorreionews.com.br\/acervo-correio\/index.php?rest_route=\/wp\/v2\/types\/post"}],"author":[{"embeddable":true,"href":"https:\/\/www.ocorreionews.com.br\/acervo-correio\/index.php?rest_route=\/wp\/v2\/users\/5"}],"replies":[{"embeddable":true,"href":"https:\/\/www.ocorreionews.com.br\/acervo-correio\/index.php?rest_route=%2Fwp%2Fv2%2Fcomments&post=239413"}],"version-history":[{"count":1,"href":"https:\/\/www.ocorreionews.com.br\/acervo-correio\/index.php?rest_route=\/wp\/v2\/posts\/239413\/revisions"}],"predecessor-version":[{"id":239415,"href":"https:\/\/www.ocorreionews.com.br\/acervo-correio\/index.php?rest_route=\/wp\/v2\/posts\/239413\/revisions\/239415"}],"wp:featuredmedia":[{"embeddable":true,"href":"https:\/\/www.ocorreionews.com.br\/acervo-correio\/index.php?rest_route=\/wp\/v2\/media\/239419"}],"wp:attachment":[{"href":"https:\/\/www.ocorreionews.com.br\/acervo-correio\/index.php?rest_route=%2Fwp%2Fv2%2Fmedia&parent=239413"}],"wp:term":[{"taxonomy":"category","embeddable":true,"href":"https:\/\/www.ocorreionews.com.br\/acervo-correio\/index.php?rest_route=%2Fwp%2Fv2%2Fcategories&post=239413"},{"taxonomy":"post_tag","embeddable":true,"href":"https:\/\/www.ocorreionews.com.br\/acervo-correio\/index.php?rest_route=%2Fwp%2Fv2%2Ftags&post=239413"}],"curies":[{"name":"wp","href":"https:\/\/api.w.org\/{rel}","templated":true}]}}