{"id":239421,"date":"2023-05-10T10:34:00","date_gmt":"2023-05-10T14:34:00","guid":{"rendered":"https:\/\/www.ocorreionews.com.br\/acervo-correio\/?p=239421"},"modified":"2023-05-10T10:34:00","modified_gmt":"2023-05-10T14:34:00","slug":"em-24h-pm-de-costa-rica-captura-tres-foragidos-da-justica","status":"publish","type":"post","link":"https:\/\/www.ocorreionews.com.br\/acervo-correio\/?p=239421","title":{"rendered":"Em 24h PM de Costa Rica captura tr\u00eas foragidos da justi\u00e7a"},"content":{"rendered":"<p>A pol\u00edcia militar de Costa Rica, captura entra manh\u00e3 de segunda-feira (08) e ter\u00e7a-feira (09), tr\u00eas foragidos da justi\u00e7a.<\/p>\n<p>Segundo informa\u00e7\u00f5es dos boletins de ocorr\u00eancias, na manh\u00e3 de segunda-feira (08), dois foragidos foram presos no mesmo bairro no Vale do Amanhecer. Sendo que um autor de 27 anos estava foragido por pens\u00e3o aliment\u00edcia que estava em sua casa. J\u00e1 o segundo de 36 anos havia sido condenado e estava foragido pelo crime de furto, sendo que o mandado de pris\u00e3o dele \u00e9 origin\u00e1rio do estado de S\u00e3o Paulo, sendo que o indiv\u00edduo possui uma vasta ficha criminal.<\/p>\n<p>O terceiro caso aconteceu na manh\u00e3 de ter\u00e7a-feira, onde um homem de 32 anos, ap\u00f3s ser condenado a 2 anos e 2 meses pelo crime de tr\u00e1fico de drogas e dire\u00e7\u00e3o sob influ\u00eancia de \u00e1lcool estava foragido de onde cumpria pena. Ele foi preso em uma resid\u00eancia na Rua Amazonas centro da cidade.<\/p>\n","protected":false},"excerpt":{"rendered":"<p>A pol\u00edcia militar de Costa Rica, captura entra manh\u00e3 de segunda-feira (08) e ter\u00e7a-feira (09), tr\u00eas foragidos da justi\u00e7a. Segundo informa\u00e7\u00f5es dos boletins de ocorr\u00eancias, na manh\u00e3 de segunda-feira (08), dois foragidos foram presos no mesmo bairro no Vale do Amanhecer. Sendo que um autor de 27 anos estava foragido por pens\u00e3o aliment\u00edcia que estava [&hellip;]<\/p>\n","protected":false},"author":5,"featured_media":234903,"comment_status":"closed","ping_status":"closed","sticky":false,"template":"","format":"standard","meta":{"footnotes":""},"categories":[25,38],"tags":[],"class_list":["post-239421","post","type-post","status-publish","format-standard","has-post-thumbnail","hentry","category-costa-rica","category-policia"],"_links":{"self":[{"href":"https:\/\/www.ocorreionews.com.br\/acervo-correio\/index.php?rest_route=\/wp\/v2\/posts\/239421","targetHints":{"allow":["GET"]}}],"collection":[{"href":"https:\/\/www.ocorreionews.com.br\/acervo-correio\/index.php?rest_route=\/wp\/v2\/posts"}],"about":[{"href":"https:\/\/www.ocorreionews.com.br\/acervo-correio\/index.php?rest_route=\/wp\/v2\/types\/post"}],"author":[{"embeddable":true,"href":"https:\/\/www.ocorreionews.com.br\/acervo-correio\/index.php?rest_route=\/wp\/v2\/users\/5"}],"replies":[{"embeddable":true,"href":"https:\/\/www.ocorreionews.com.br\/acervo-correio\/index.php?rest_route=%2Fwp%2Fv2%2Fcomments&post=239421"}],"version-history":[{"count":1,"href":"https:\/\/www.ocorreionews.com.br\/acervo-correio\/index.php?rest_route=\/wp\/v2\/posts\/239421\/revisions"}],"predecessor-version":[{"id":239422,"href":"https:\/\/www.ocorreionews.com.br\/acervo-correio\/index.php?rest_route=\/wp\/v2\/posts\/239421\/revisions\/239422"}],"wp:featuredmedia":[{"embeddable":true,"href":"https:\/\/www.ocorreionews.com.br\/acervo-correio\/index.php?rest_route=\/wp\/v2\/media\/234903"}],"wp:attachment":[{"href":"https:\/\/www.ocorreionews.com.br\/acervo-correio\/index.php?rest_route=%2Fwp%2Fv2%2Fmedia&parent=239421"}],"wp:term":[{"taxonomy":"category","embeddable":true,"href":"https:\/\/www.ocorreionews.com.br\/acervo-correio\/index.php?rest_route=%2Fwp%2Fv2%2Fcategories&post=239421"},{"taxonomy":"post_tag","embeddable":true,"href":"https:\/\/www.ocorreionews.com.br\/acervo-correio\/index.php?rest_route=%2Fwp%2Fv2%2Ftags&post=239421"}],"curies":[{"name":"wp","href":"https:\/\/api.w.org\/{rel}","templated":true}]}}