{"id":239427,"date":"2023-05-10T13:40:56","date_gmt":"2023-05-10T17:40:56","guid":{"rendered":"https:\/\/www.ocorreionews.com.br\/acervo-correio\/?p=239427"},"modified":"2023-05-10T13:40:56","modified_gmt":"2023-05-10T17:40:56","slug":"pm-de-costa-rica-e-acionada-apos-pai-e-padrasto-de-crianca-se-ameacarem-em-costa-rica","status":"publish","type":"post","link":"https:\/\/www.ocorreionews.com.br\/acervo-correio\/?p=239427","title":{"rendered":"PM de Costa Rica \u00e9 acionada ap\u00f3s pai e padrasto de crian\u00e7a se amea\u00e7arem em Costa Rica"},"content":{"rendered":"<p>Na tarde desta ter\u00e7a-feira (09), a Policia Militar de Costa Rica, foi acionada para conter uma confus\u00e3o entre dois homens sendo que estava armado com uma faca.<\/p>\n<p>Segundo informa\u00e7\u00f5es do Boletim de Ocorr\u00eancia, era por volta das 16h30min, quando a Policia Militar foi acionada para uma ocorr\u00eancia na Av. Pantanal, onde dois homens haviam se desentendido e uma das partes pegou uma faca e estava em posse proferindo amea\u00e7as.<\/p>\n<p>De imediato uma guarni\u00e7\u00e3o foi at\u00e9 o endere\u00e7o, e no local, o primeiro homem,33 anos relatou que foi casado e tinha dois filhos com a atual do segundo homem, 28 anos, seu prop\u00f3sito era pegar documentos de seus filhos para que pudesse incluir eles em seu plano de sa\u00fade. Por\u00e9m o homem de 28 anos atual de sua ex n\u00e3o o deixou entrar na resid\u00eancia e pegou uma faca o amea\u00e7ando.<\/p>\n<p>J\u00e1 o homem de 28 anos relatou aos militares que pegou a faca para se defender dos insultos que o outro proferia contra ele.<\/p>\n<p>Eles n\u00e3o foram encaminhados para o registro e providencias, pois, os mesmos informaram que n\u00e3o tinham interesse em representar um contra o outro.<\/p>\n","protected":false},"excerpt":{"rendered":"<p>Na tarde desta ter\u00e7a-feira (09), a Policia Militar de Costa Rica, foi acionada para conter uma confus\u00e3o entre dois homens sendo que estava armado com uma faca. Segundo informa\u00e7\u00f5es do Boletim de Ocorr\u00eancia, era por volta das 16h30min, quando a Policia Militar foi acionada para uma ocorr\u00eancia na Av. Pantanal, onde dois homens haviam se [&hellip;]<\/p>\n","protected":false},"author":5,"featured_media":229890,"comment_status":"closed","ping_status":"closed","sticky":false,"template":"","format":"standard","meta":{"footnotes":""},"categories":[25,38],"tags":[],"class_list":["post-239427","post","type-post","status-publish","format-standard","has-post-thumbnail","hentry","category-costa-rica","category-policia"],"_links":{"self":[{"href":"https:\/\/www.ocorreionews.com.br\/acervo-correio\/index.php?rest_route=\/wp\/v2\/posts\/239427","targetHints":{"allow":["GET"]}}],"collection":[{"href":"https:\/\/www.ocorreionews.com.br\/acervo-correio\/index.php?rest_route=\/wp\/v2\/posts"}],"about":[{"href":"https:\/\/www.ocorreionews.com.br\/acervo-correio\/index.php?rest_route=\/wp\/v2\/types\/post"}],"author":[{"embeddable":true,"href":"https:\/\/www.ocorreionews.com.br\/acervo-correio\/index.php?rest_route=\/wp\/v2\/users\/5"}],"replies":[{"embeddable":true,"href":"https:\/\/www.ocorreionews.com.br\/acervo-correio\/index.php?rest_route=%2Fwp%2Fv2%2Fcomments&post=239427"}],"version-history":[{"count":1,"href":"https:\/\/www.ocorreionews.com.br\/acervo-correio\/index.php?rest_route=\/wp\/v2\/posts\/239427\/revisions"}],"predecessor-version":[{"id":239433,"href":"https:\/\/www.ocorreionews.com.br\/acervo-correio\/index.php?rest_route=\/wp\/v2\/posts\/239427\/revisions\/239433"}],"wp:featuredmedia":[{"embeddable":true,"href":"https:\/\/www.ocorreionews.com.br\/acervo-correio\/index.php?rest_route=\/wp\/v2\/media\/229890"}],"wp:attachment":[{"href":"https:\/\/www.ocorreionews.com.br\/acervo-correio\/index.php?rest_route=%2Fwp%2Fv2%2Fmedia&parent=239427"}],"wp:term":[{"taxonomy":"category","embeddable":true,"href":"https:\/\/www.ocorreionews.com.br\/acervo-correio\/index.php?rest_route=%2Fwp%2Fv2%2Fcategories&post=239427"},{"taxonomy":"post_tag","embeddable":true,"href":"https:\/\/www.ocorreionews.com.br\/acervo-correio\/index.php?rest_route=%2Fwp%2Fv2%2Ftags&post=239427"}],"curies":[{"name":"wp","href":"https:\/\/api.w.org\/{rel}","templated":true}]}}